{"id":592,"date":"2023-09-12T19:12:52","date_gmt":"2023-09-12T19:12:52","guid":{"rendered":"https:\/\/guzmantours.tplus.es\/?p=592"},"modified":"2023-09-17T09:39:49","modified_gmt":"2023-09-17T09:39:49","slug":"mercados-navidenos-en-colmar","status":"publish","type":"post","link":"https:\/\/guzmantours.tplus.es\/index.php\/2023\/09\/12\/mercados-navidenos-en-colmar\/","title":{"rendered":"Mercados Navide\u00f1os en COLMAR"},"content":{"rendered":"\n<p><strong>Los Mercados Navide\u00f1os de <a href=\"https:\/\/www.civitatis.com\/es\/colmar\/free-tour-colmar\/?ag_aid=47984\">Colmar<\/a> (Francia)<\/strong> est\u00e1n catalogado como el <strong>segundo mejor de Europa<\/strong> despu\u00e9s del mercado de Estrasburgo, ya que es un pueblo alucinante y durante estas fechas desborda magia all\u00e1 donde mires.<\/p>\n\n\n\n<p>Existen  <strong><a href=\"https:\/\/www.civitatis.com\/es\/colmar\/tour-navidad-alsacia\/?ag_aid=47984\">6 mercadillos para disfrutar de la Navidad<\/a><\/strong>, y si has decidido este a\u00f1o que vas a conocerlos, has hecho una buena elecci\u00f3n.<\/p>\n\n\n\n<figure class=\"wp-block-image size-large\"><img loading=\"lazy\" decoding=\"async\" width=\"1024\" height=\"686\" src=\"https:\/\/guzmantours.tplus.es\/wp-content\/uploads\/2023\/09\/colma2-1024x686.jpg\" alt=\"\" class=\"wp-image-607\" srcset=\"https:\/\/guzmantours.tplus.es\/wp-content\/uploads\/2023\/09\/colma2-1024x686.jpg 1024w, https:\/\/guzmantours.tplus.es\/wp-content\/uploads\/2023\/09\/colma2-300x201.jpg 300w, https:\/\/guzmantours.tplus.es\/wp-content\/uploads\/2023\/09\/colma2-768x515.jpg 768w, https:\/\/guzmantours.tplus.es\/wp-content\/uploads\/2023\/09\/colma2-1536x1029.jpg 1536w, https:\/\/guzmantours.tplus.es\/wp-content\/uploads\/2023\/09\/colma2.jpg 2048w\" sizes=\"auto, (max-width: 1024px) 100vw, 1024px\" \/><\/figure>\n\n\n\n<p><\/p>\n\n\n\n<h4 class=\"wp-block-heading\"><strong>C\u00f3mo llegar a Colmar<\/strong><\/h4>\n\n\n\n<p>Para llegar a Colmar tenemos dos grandes aeropuertos internacionales:<\/p>\n\n\n\n<ul class=\"wp-block-list\">\n<li>Basilea-Mulhouse<\/li>\n\n\n\n<li>Estrasburgo-Entzheim<\/li>\n<\/ul>\n\n\n\n<p><strong>Basilea-Mulhouse<\/strong><strong><\/strong><\/p>\n\n\n\n<p>Este aeropuerto se encuentra a 59 km de Colmar, unos 40 minutos en coche. Tambi\u00e9n puedes ir en tren desde la estaci\u00f3n de Basilea SBB o con la empresa de autobuses Flixbus desde el EuroAeropuerto.<\/p>\n\n\n\n<p><strong>Estrasburgo-Entzheim<\/strong><strong><\/strong><\/p>\n\n\n\n<p>Este aeropuerto se encuentra a 69 kil\u00f3metros de Colmar, unos 49 minutos en coche. Puedes contratar un <strong>transporte privado<\/strong> que recoge en la terminal o dirigirte a la ciudad de Estrasburgo para ir en tren y con Flixbus.<\/p>\n\n\n\n<p>Hasta el aeropuerto de Estrasburgo llegan hasta 30 vuelos regulares desde 11 ciudades francesas y 18 ciudades internacionales.<\/p>\n\n\n\n<figure class=\"wp-block-image size-full\"><img loading=\"lazy\" decoding=\"async\" width=\"1024\" height=\"683\" src=\"https:\/\/guzmantours.tplus.es\/wp-content\/uploads\/2023\/09\/colmar1.jpg\" alt=\"\" class=\"wp-image-608\" srcset=\"https:\/\/guzmantours.tplus.es\/wp-content\/uploads\/2023\/09\/colmar1.jpg 1024w, https:\/\/guzmantours.tplus.es\/wp-content\/uploads\/2023\/09\/colmar1-300x200.jpg 300w, https:\/\/guzmantours.tplus.es\/wp-content\/uploads\/2023\/09\/colmar1-768x512.jpg 768w\" sizes=\"auto, (max-width: 1024px) 100vw, 1024px\" \/><\/figure>\n\n\n\n<p>Pero, sin duda, lo m\u00e1s f\u00e1cil es reservar un <a href=\"https:\/\/www.guzmantours.com\/carsshowcase\/\"><strong>coche de alquiler<\/strong><\/a> para visitar los mercados navide\u00f1os de Colmar, y de Alsacia.<\/p>\n\n\n\n<p><\/p>\n\n\n\n<h4 class=\"wp-block-heading\"><strong>D\u00f3nde alojarse en Navidad en Colmar (Francia)<\/strong><\/h4>\n\n\n\n<p>Al ser uno de los pueblos m\u00e1s tur\u00edstico despu\u00e9s de Estrasburgo, podremos encontrar muchos alojamientos. Pero nuestro consejo es que adem\u00e1s de visitar los <strong>Mercados de Navidad de Colmar<\/strong>, conozcas otros mercados navide\u00f1os situados a menos de media hora en coche, como son:<\/p>\n\n\n\n<ul class=\"wp-block-list\">\n<li>Eguisheim, desde el 24 de Noviembre al 23 de Diciembre.<\/li>\n\n\n\n<li>Riquewihr, del 25 de Noviembre al 21 de Diciembre.<\/li>\n\n\n\n<li>Turckheim, desde el 24 de Noviembre al 24 de Diciembre.<\/li>\n\n\n\n<li>Estrasburgo, del 24 de Noviembre al 24 de Diciembre.<\/li>\n<\/ul>\n\n\n\n<p><\/p>\n\n\n\n<p>Te dejamos dos opciones genial valoradas para quedarse a dormir en Colmar:<\/p>\n\n\n\n<ul class=\"wp-block-list\">\n<li><strong><a href=\"https:\/\/www.booking.com\/hotel\/fr\/aux-tanneurs-de-colmar.es.html?aid=7994833&amp;sid=44e7cc6b070fb23c1cb2752c58fcc006&amp;all_sr_blocks=42288603_145763616_2_0_0;checkin=2023-12-11;checkout=2023-12-14;dest_id=-1421049;dest_type=city;dist=0;group_adults=2;group_children=0;hapos=1;highlighted_blocks=42288603_145763616_2_0_0;hpos=1;matching_block_id=42288603_145763616_2_0_0;no_rooms=1;req_adults=2;req_children=0;room1=A%2CA;sb_price_type=total;sr_order=popularity;sr_pri_blocks=42288603_145763616_2_0_0__72626;srepoch=1694545873;srpvid=0d8686e5f45a029c;type=total;ucfs=1&amp;#hotelTmpl\">New! Quai de la Petit Venise<\/a><\/strong><\/li>\n\n\n\n<li><strong><a href=\"https:\/\/www.booking.com\/hotel\/fr\/gite-madeleine-de-la-maison-saint-josse.es.html?aid=7994833&amp;sid=44e7cc6b070fb23c1cb2752c58fcc006&amp;all_sr_blocks=808753401_349036321_0_0_0;checkin=2023-12-11;checkout=2023-12-14;dest_id=-1421049;dest_type=city;dist=0;group_adults=2;group_children=0;hapos=2;highlighted_blocks=808753401_349036321_0_0_0;hpos=2;matching_block_id=808753401_349036321_0_0_0;nflt=review_score%3D90;no_rooms=1;req_adults=2;req_children=0;room1=A%2CA;sb_price_type=total;sr_order=popularity;sr_pri_blocks=808753401_349036321_0_0_0__62452;srepoch=1694545926;srpvid=0d8686e5f45a029c;type=total;ucfs=1&amp;#hotelTmpl\">Gite Madeleine de la Maison<\/a><\/strong><\/li>\n<\/ul>\n\n\n\n<p><\/p>\n\n\n\n<h4 class=\"wp-block-heading\"><strong>D\u00f3nde aparcar en Colmar para ver sus mercados de Navidad<\/strong><strong><\/strong><\/h4>\n\n\n\n<p><strong>Si llegas en coche<\/strong>, tendr\u00e1s que dejarlo aparcado lejos de la parte antigua, el lugar donde se encuentran los mercados de Navidad de Colmar&nbsp; En estas fechas <strong>el acceso al centro urbano est\u00e1 cerrado para todos los veh\u00edculos<\/strong>, con el fin de facilitar la acceso de los visitantes a los mercados navide\u00f1os.<\/p>\n\n\n\n<p><strong>Las opciones m\u00e1s baratas para aparcar en Colmar son\u2026 \u00a1\u00a1 Gratis!! S\u00ed, has le\u00eddo bien<\/strong>. Con lo dif\u00edcil que es encontrar algo gratuito por esta zona, cuesta hasta creerlo. Pero s\u00ed.<\/p>\n\n\n\n<p><\/p>\n\n\n\n<h4 class=\"wp-block-heading\"><strong>\u00bfD\u00f3nde est\u00e1n situados los mercados navide\u00f1os de Colmar?<\/strong><\/h4>\n\n\n\n<p>Los mercados navide\u00f1os de Colmar se instalan en su parte antigua. Cuando cruzas el pasaje de la <a href=\"https:\/\/www.google.es\/maps\/place\/Rue+du+Rempart,+68000+Colmar,+Francia\/@48.0807126,7.3561449,164m\/data=!3m2!1e3!4b1!4m5!3m4!1s0x479165e08da223a3:0x336d4d6ff73a9f63!8m2!3d48.0807117!4d7.3566921\" target=\"_blank\" rel=\"noreferrer noopener\"><strong>Rue du Rempart<\/strong><\/a>, es como cambiar de mundo. La iluminaci\u00f3n de los mercados de Navidad en Colmar hace que pases de la zona moderna a la zona situada al otro lado del rio, donde empieza el casco antiguo y te quedas con la boca abierta. Ya s\u00f3lo tienes una misi\u00f3n que es pasear y disfrutar de lo asombroso que te va a resultar.<\/p>\n\n\n\n<figure class=\"wp-block-image size-full\"><img loading=\"lazy\" decoding=\"async\" width=\"1024\" height=\"683\" src=\"https:\/\/guzmantours.tplus.es\/wp-content\/uploads\/2023\/09\/colmar-3.jpg\" alt=\"\" class=\"wp-image-609\" srcset=\"https:\/\/guzmantours.tplus.es\/wp-content\/uploads\/2023\/09\/colmar-3.jpg 1024w, https:\/\/guzmantours.tplus.es\/wp-content\/uploads\/2023\/09\/colmar-3-300x200.jpg 300w, https:\/\/guzmantours.tplus.es\/wp-content\/uploads\/2023\/09\/colmar-3-768x512.jpg 768w\" sizes=\"auto, (max-width: 1024px) 100vw, 1024px\" \/><\/figure>\n\n\n\n<p><\/p>\n\n\n\n<figure class=\"wp-block-image size-full\"><img loading=\"lazy\" decoding=\"async\" width=\"1024\" height=\"683\" src=\"https:\/\/guzmantours.tplus.es\/wp-content\/uploads\/2023\/09\/colmar6.jpg\" alt=\"\" class=\"wp-image-610\" srcset=\"https:\/\/guzmantours.tplus.es\/wp-content\/uploads\/2023\/09\/colmar6.jpg 1024w, https:\/\/guzmantours.tplus.es\/wp-content\/uploads\/2023\/09\/colmar6-300x200.jpg 300w, https:\/\/guzmantours.tplus.es\/wp-content\/uploads\/2023\/09\/colmar6-768x512.jpg 768w\" sizes=\"auto, (max-width: 1024px) 100vw, 1024px\" \/><\/figure>\n\n\n\n<p><\/p>\n\n\n\n<h4 class=\"wp-block-heading\"><strong>Fechas para visitar los mercados de Navidad de Colmar en 2023<\/strong><\/h4>\n\n\n\n<p>Todos los mercados navide\u00f1os de Colmar est\u00e1n <strong>abiertos desde el 23 de Noviembre hasta el 29 de Diciembre de 2023<\/strong>. En la web <a href=\"http:\/\/noel-colmar.com\/\" target=\"_blank\" rel=\"noreferrer noopener\"><strong>Noel Colmar<\/strong><\/a> encontrar\u00e1s toda la informaci\u00f3n por si hubiera alg\u00fan cambio de \u00faltima hora.<\/p>\n\n\n\n<h4 class=\"wp-block-heading\"><strong>Los 6 mercados de Navidad de Colmar (2023)<\/strong><\/h4>\n\n\n\n<p>Todos los mercados abren en horario de 11 de la ma\u00f1ana a 9 de la noche, incluso en Nochebuena y Navidad. <\/p>\n\n\n\n<figure class=\"wp-block-image size-large\"><img loading=\"lazy\" decoding=\"async\" width=\"819\" height=\"1024\" src=\"https:\/\/guzmantours.tplus.es\/wp-content\/uploads\/2023\/09\/colmar4-819x1024.jpg\" alt=\"\" class=\"wp-image-611\" srcset=\"https:\/\/guzmantours.tplus.es\/wp-content\/uploads\/2023\/09\/colmar4-819x1024.jpg 819w, https:\/\/guzmantours.tplus.es\/wp-content\/uploads\/2023\/09\/colmar4-240x300.jpg 240w, https:\/\/guzmantours.tplus.es\/wp-content\/uploads\/2023\/09\/colmar4-768x960.jpg 768w, https:\/\/guzmantours.tplus.es\/wp-content\/uploads\/2023\/09\/colmar4.jpg 1080w\" sizes=\"auto, (max-width: 819px) 100vw, 819px\" \/><\/figure>\n\n\n\n<p><strong>1) Mercado navide\u00f1o de Place des Dominicains<\/strong><\/p>\n\n\n\n<ul class=\"wp-block-list\">\n<li><a href=\"https:\/\/www.google.com\/maps\/place\/Place+des+Dominicains,+68000+Colmar,+Francia\/@48.0782335,7.3549744,17z\/data=!3m1!4b1!4m5!3m4!1s0x479165e72f278f21:0xfa6e91a69cd4629d!8m2!3d48.0782299!4d7.3571631\" target=\"_blank\" rel=\"noreferrer noopener\"><strong>Ubicaci\u00f3n<\/strong><\/a>: Mercado navide\u00f1o situado en Place Dominicains <\/li>\n\n\n\n<li>Puestos: 60 <\/li>\n\n\n\n<li>Dedicados a: artesan\u00eda local, en el que comprar regalos de Navidad y decoraci\u00f3n navide\u00f1a.<\/li>\n<\/ul>\n\n\n\n<figure class=\"wp-block-image size-full is-resized\"><img loading=\"lazy\" decoding=\"async\" src=\"https:\/\/guzmantours.tplus.es\/wp-content\/uploads\/2023\/09\/placedominique.jpg\" alt=\"\" class=\"wp-image-613\" style=\"width:763px;height:507px\" width=\"763\" height=\"507\" srcset=\"https:\/\/guzmantours.tplus.es\/wp-content\/uploads\/2023\/09\/placedominique.jpg 474w, https:\/\/guzmantours.tplus.es\/wp-content\/uploads\/2023\/09\/placedominique-300x199.jpg 300w\" sizes=\"auto, (max-width: 763px) 100vw, 763px\" \/><\/figure>\n\n\n\n<p>Mercadillo navide\u00f1o de Place Dominicains (Colmar)<\/p>\n\n\n\n<p><strong>2) Mercado de l\u00b4Ancienne Douane<\/strong><strong><\/strong><\/p>\n\n\n\n<ul class=\"wp-block-list\">\n<li><a href=\"https:\/\/www.google.com\/maps\/place\/Place+de+l'Ancienne+Douane,+68000+Colmar,+Francia\/@48.075903,7.357584,17z\/data=!3m1!4b1!4m5!3m4!1s0x479165e678b38d5d:0x27ca713e002780c3!8m2!3d48.0758994!4d7.3597727\" target=\"_blank\" rel=\"noreferrer noopener\"><strong>Ubicaci\u00f3n<\/strong><\/a>: Situado en el centro del casco antiguo de Colmar, alrededor de la fuente de Schwendi (escultura de Bartholdi) y al lado del canal m\u00e1s famoso de la ciudad.<\/li>\n\n\n\n<li>Puestos: 50 <\/li>\n<\/ul>\n\n\n\n<figure class=\"wp-block-image size-large\"><img loading=\"lazy\" decoding=\"async\" width=\"1024\" height=\"683\" src=\"https:\/\/guzmantours.tplus.es\/wp-content\/uploads\/2023\/09\/france-colmar-christmas-markets-1024x683.webp\" alt=\"\" class=\"wp-image-614\" srcset=\"https:\/\/guzmantours.tplus.es\/wp-content\/uploads\/2023\/09\/france-colmar-christmas-markets-1024x683.webp 1024w, https:\/\/guzmantours.tplus.es\/wp-content\/uploads\/2023\/09\/france-colmar-christmas-markets-300x200.webp 300w, https:\/\/guzmantours.tplus.es\/wp-content\/uploads\/2023\/09\/france-colmar-christmas-markets-768x512.webp 768w, https:\/\/guzmantours.tplus.es\/wp-content\/uploads\/2023\/09\/france-colmar-christmas-markets-1536x1025.webp 1536w, https:\/\/guzmantours.tplus.es\/wp-content\/uploads\/2023\/09\/france-colmar-christmas-markets.webp 1920w\" sizes=\"auto, (max-width: 1024px) 100vw, 1024px\" \/><\/figure>\n\n\n\n<p>Casas con entramado de madera decoradas de Navidad (Colmar)<\/p>\n\n\n\n<p><strong>3) Mercadillo de Navidad de Petit Venise<\/strong><strong><\/strong><\/p>\n\n\n\n<ul class=\"wp-block-list\">\n<li><a href=\"https:\/\/www.google.com\/maps\/place\/La+Petite+Venise\/@48.0742631,7.3574904,17z\/data=!3m1!4b1!4m5!3m4!1s0x479165ef5006a63d:0xe758095d72e39015!8m2!3d48.0742595!4d7.3596791\" target=\"_blank\" rel=\"noreferrer noopener\"><strong>Ubicaci\u00f3n<\/strong><\/a>: Mercado de la Peque\u00f1a Venecia, una de las zonas imprescindibles que tienes que visitar si vas a Colmar (con o sin mercado navide\u00f1o). Casitas preciosas con entramado de madera al lado del r\u00edo Lauch.<\/li>\n\n\n\n<li>Puestos: &#8211;<\/li>\n\n\n\n<li>Dedicado a: Si visitas Colmar en Navidad este mercado est\u00e1 totalmente orientado para los ni\u00f1os, con un carrusel de madera, tiovivos de ponis y otras atracciones de lo m\u00e1s navide\u00f1as.<\/li>\n<\/ul>\n\n\n\n<p><\/p>\n\n\n\n<figure class=\"wp-block-image size-full\"><img loading=\"lazy\" decoding=\"async\" width=\"780\" height=\"521\" src=\"https:\/\/guzmantours.tplus.es\/wp-content\/uploads\/2023\/09\/332980255.jpg\" alt=\"\" class=\"wp-image-615\" srcset=\"https:\/\/guzmantours.tplus.es\/wp-content\/uploads\/2023\/09\/332980255.jpg 780w, https:\/\/guzmantours.tplus.es\/wp-content\/uploads\/2023\/09\/332980255-300x200.jpg 300w, https:\/\/guzmantours.tplus.es\/wp-content\/uploads\/2023\/09\/332980255-768x513.jpg 768w\" sizes=\"auto, (max-width: 780px) 100vw, 780px\" \/><\/figure>\n\n\n\n<p>Mercado navide\u00f1o de Petit Venise (Colmar)<\/p>\n\n\n\n<p><strong>4) Mercado navide\u00f1o de Place Jeanne D\u00b4Arc<\/strong><strong><\/strong><\/p>\n\n\n\n<ul class=\"wp-block-list\">\n<li><a href=\"https:\/\/www.google.com\/maps\/place\/Place+Jeanne+d'Arc,+68000+Colmar,+Francia\/@48.0776715,7.3589657,17z\/data=!3m1!4b1!4m5!3m4!1s0x479165e41a68124f:0xde8b0b19b8c69bef!8m2!3d48.0776679!4d7.3611544\" target=\"_blank\" rel=\"noreferrer noopener\"><strong>Ubicaci\u00f3n<\/strong><\/a>: Lo m\u00e1s chulo de este mercado de Navidad de Colmar es que est\u00e1 ambientado en un pueblo tradicional alsaciano con casas e iglesia.<\/li>\n\n\n\n<li>Puestos: &#8211;<\/li>\n\n\n\n<li>Dedicado a: Est\u00e1 especializado en productos de la regi\u00f3n. Podr\u00e1s probar aguardiente local, vino, pan de jengibre, embutidos o foie gras.<\/li>\n<\/ul>\n\n\n\n<p><\/p>\n\n\n\n<figure class=\"wp-block-image size-large\"><img loading=\"lazy\" decoding=\"async\" width=\"1024\" height=\"692\" src=\"https:\/\/guzmantours.tplus.es\/wp-content\/uploads\/2023\/09\/235007979-christmas-market-place-jeanne-darc-1-1024x692.jpg\" alt=\"\" class=\"wp-image-617\" srcset=\"https:\/\/guzmantours.tplus.es\/wp-content\/uploads\/2023\/09\/235007979-christmas-market-place-jeanne-darc-1-1024x692.jpg 1024w, https:\/\/guzmantours.tplus.es\/wp-content\/uploads\/2023\/09\/235007979-christmas-market-place-jeanne-darc-1-300x203.jpg 300w, https:\/\/guzmantours.tplus.es\/wp-content\/uploads\/2023\/09\/235007979-christmas-market-place-jeanne-darc-1-768x519.jpg 768w, https:\/\/guzmantours.tplus.es\/wp-content\/uploads\/2023\/09\/235007979-christmas-market-place-jeanne-darc-1.jpg 1200w\" sizes=\"auto, (max-width: 1024px) 100vw, 1024px\" \/><\/figure>\n\n\n\n<p>Puestos del mercado navide\u00f1o de Place Jeanne D\u00b4Arc (Colmar)<\/p>\n\n\n\n<p><strong>5) Koifhus (mercadillo de Navidad interior)<\/strong><strong><\/strong><\/p>\n\n\n\n<ul class=\"wp-block-list\">\n<li><a href=\"https:\/\/www.google.com\/maps\/place\/Ancienne+Douane,+Pl.+de+l'Ancienne+Douane,+68000+Colmar,+Francia\/@48.075924,7.3569426,17z\/data=!3m1!4b1!4m5!3m4!1s0x479165e662e1ad39:0xf595635ca5cfd002!8m2!3d48.0759204!4d7.3591313\" target=\"_blank\" rel=\"noreferrer noopener\"><strong>Ubicaci\u00f3n<\/strong><\/a>: Situado en la Antigua Aduana, el edificio p\u00fablico m\u00e1s antiguo de Colmar.<\/li>\n\n\n\n<li>Puestos: No es un mercado muy grande, solo tiene unos pocos puestos de artesan\u00eda local. <\/li>\n\n\n\n<li>Dedicado a: alfareros, ebanistas, talladores de madera y joyeros que venden sus creaciones.<\/li>\n<\/ul>\n\n\n\n<p>Lo bueno que tiene este mercadillo navide\u00f1o es que est\u00e1 cubierto, y tanto si llueve como si hace fr\u00edo, es perfecto para entrar en calor. <\/p>\n\n\n\n<figure class=\"wp-block-image size-full\"><img loading=\"lazy\" decoding=\"async\" width=\"1000\" height=\"750\" src=\"https:\/\/guzmantours.tplus.es\/wp-content\/uploads\/2023\/09\/koifhus.webp\" alt=\"\" class=\"wp-image-618\" srcset=\"https:\/\/guzmantours.tplus.es\/wp-content\/uploads\/2023\/09\/koifhus.webp 1000w, https:\/\/guzmantours.tplus.es\/wp-content\/uploads\/2023\/09\/koifhus-300x225.webp 300w, https:\/\/guzmantours.tplus.es\/wp-content\/uploads\/2023\/09\/koifhus-768x576.webp 768w\" sizes=\"auto, (max-width: 1000px) 100vw, 1000px\" \/><\/figure>\n\n\n\n<p><strong>6) Mercado de Place de la Cath\u00e8drale<\/strong><strong><\/strong><\/p>\n\n\n\n<ul class=\"wp-block-list\">\n<li><a href=\"https:\/\/www.google.com\/maps\/place\/Place+de+la+Cath%C3%A9drale,+68000+Colmar,+Francia\/@48.0771766,7.3566299,17z\/data=!3m1!4b1!4m5!3m4!1s0x479165e6c21caeab:0x76ea94278d95b8b8!8m2!3d48.077173!4d7.3588186\" target=\"_blank\" rel=\"noreferrer noopener\"><strong>Ubicaci\u00f3n<\/strong><\/a>: En Place de la Cath\u00e8drale tienes un mercadillo navide\u00f1o con \u00fanicamente puestos de comida. Vayas a comer o no, ap\u00fantalo.<\/li>\n\n\n\n<li>Puestos: &#8211;<\/li>\n\n\n\n<li>Dedicado a: Puestos de comida<\/li>\n<\/ul>\n\n\n\n<p>Imprescindible visitar la catedral de fondo y el carrusel de renos de Pap\u00e1 Noel.<\/p>\n\n\n\n<figure class=\"wp-block-image size-full is-resized\"><img loading=\"lazy\" decoding=\"async\" src=\"https:\/\/guzmantours.tplus.es\/wp-content\/uploads\/2023\/09\/cathedrale.jpg\" alt=\"\" class=\"wp-image-619\" style=\"width:744px;height:538px\" width=\"744\" height=\"538\"\/><\/figure>\n\n\n\n<p>Atracciones del mercado de Navidad de Colmar en Place de la Cath\u00e8drale<\/p>\n\n\n\n<h4 class=\"wp-block-heading\"><strong>Qu\u00e9 m\u00e1s cosas hacer en Colmar adem\u00e1s de visitar mercadillos navide\u00f1os<\/strong><\/h4>\n\n\n\n<p><strong>Ruta de vinos<\/strong><strong><\/strong><\/p>\n\n\n\n<p><strong>Colmar es tambi\u00e9n la capital de la ruta de vinos de Alsacia<\/strong>. Si dispones de varios dias, puedes probar otros vinos adem\u00e1s del vino caliente. Te proponemos varios planes:<\/p>\n\n\n\n<ul class=\"wp-block-list\">\n<li><strong><a href=\"https:\/\/www.civitatis.com\/es\/colmar\/tour-alsacia-cata-vinos\/?ag_aid=47984\">Tour por Alsacia + Cata de vinos<\/a><\/strong>. Lo bueno es que te despreocupas de conducir y te dedicas s\u00f3lo a disfrutar, que siempre mola mucho m\u00e1s.<\/li>\n\n\n\n<li><strong><a href=\"https:\/\/www.civitatis.com\/es\/colmar\/excursion-hunawihr-riquewihr-cata-vinos\/?ag_aid=47984\">Excursi\u00f3n a Hunawihr y Riquewihr + Cata de vinos<\/a><\/strong>, Acompa\u00f1adnos para conocer dos de los <strong>pueblos m\u00e1s bonitos de Alsacia<\/strong>. Adem\u00e1s, ten\u00e9is incluida una<strong> cata de vinos<\/strong>. \u00bfOs lo vais a perder?<\/li>\n<\/ul>\n\n\n\n<figure class=\"wp-block-image size-large\"><img loading=\"lazy\" decoding=\"async\" width=\"1024\" height=\"538\" src=\"https:\/\/guzmantours.tplus.es\/wp-content\/uploads\/2023\/09\/vinedos-1024x538.jpg\" alt=\"\" class=\"wp-image-620\" srcset=\"https:\/\/guzmantours.tplus.es\/wp-content\/uploads\/2023\/09\/vinedos-1024x538.jpg 1024w, https:\/\/guzmantours.tplus.es\/wp-content\/uploads\/2023\/09\/vinedos-300x158.jpg 300w, https:\/\/guzmantours.tplus.es\/wp-content\/uploads\/2023\/09\/vinedos-768x403.jpg 768w, https:\/\/guzmantours.tplus.es\/wp-content\/uploads\/2023\/09\/vinedos.jpg 1200w\" sizes=\"auto, (max-width: 1024px) 100vw, 1024px\" \/><\/figure>\n\n\n\n<p><strong>Comprar regalos de Navidad<\/strong><strong><\/strong><\/p>\n\n\n\n<p>Adem\u00e1s de mercados navide\u00f1os,<strong> Colmar es el pueblo donde m\u00e1s tiendas vas a encontrar<\/strong>. Un dato a tener en cuenta en Navidad, es que los domingos y los lunes por la ma\u00f1ana cierran muchos comercios.<\/p>\n\n\n\n<p>Pero si quieres conocer una tienda bonita donde comprar regalos de Navidad en Colmar, apunta <a href=\"https:\/\/www.google.com\/maps\/place\/Au+Vieux+Pignon\/@48.0761095,7.3562707,17z\/data=!3m1!4b1!4m5!3m4!1s0x479165e6f5556ef5:0x7a03ef02619780c3!8m2!3d48.0761059!4d7.3584594\" target=\"_blank\" rel=\"noreferrer noopener\"><strong>Au Vieux Pignon<\/strong><\/a>, tienda de regalos construida en 1588 situada en pleno casco hist\u00f3rico. Su direcci\u00f3n es 52 Rue des Marchands.<\/p>\n\n\n\n<figure class=\"wp-block-image size-large\"><img loading=\"lazy\" decoding=\"async\" width=\"1024\" height=\"1024\" src=\"https:\/\/guzmantours.tplus.es\/wp-content\/uploads\/2023\/09\/la-plus-belle-facade-1024x1024.jpg\" alt=\"\" class=\"wp-image-621\" srcset=\"https:\/\/guzmantours.tplus.es\/wp-content\/uploads\/2023\/09\/la-plus-belle-facade-1024x1024.jpg 1024w, https:\/\/guzmantours.tplus.es\/wp-content\/uploads\/2023\/09\/la-plus-belle-facade-300x300.jpg 300w, https:\/\/guzmantours.tplus.es\/wp-content\/uploads\/2023\/09\/la-plus-belle-facade-150x150.jpg 150w, https:\/\/guzmantours.tplus.es\/wp-content\/uploads\/2023\/09\/la-plus-belle-facade-768x768.jpg 768w, https:\/\/guzmantours.tplus.es\/wp-content\/uploads\/2023\/09\/la-plus-belle-facade.jpg 1200w\" sizes=\"auto, (max-width: 1024px) 100vw, 1024px\" \/><\/figure>\n\n\n\n<p><strong>Patinar en su pista de hielo&nbsp;<\/strong><strong><\/strong><\/p>\n\n\n\n<p>En la <a href=\"https:\/\/www.google.es\/maps\/place\/Place+Rapp\/@48.0764875,7.3538175,17z\/data=!3m1!4b1!4m5!3m4!1s0x479165bfb6d19609:0x5d5f5d8d0c236a00!8m2!3d48.0765178!4d7.3559951\" target=\"_blank\" rel=\"noreferrer noopener\"><strong>Place Rapp<\/strong><\/a>, encontrar\u00e1s la pista de hielo por si te apetece patinar. En esa misma plaza tienen tambi\u00e9n hasta el 24 de Diciembre un<strong> mercado de abetos<\/strong>, por si vas a facturar equipaje y quieres llevarte alguno a casa. <\/p>\n\n\n\n<p><strong>Escuchar villancicos<\/strong><strong><\/strong><\/p>\n\n\n\n<p>Aparte de contar con conciertos de Navidad, podemos encontrar por el canal de Petit Venise barcas iluminadas que pasean con coros infantiles que cantan villancicos tradicionales, todos los mi\u00e9rcoles y s\u00e1bados a las 5 de la tarde durante una hora.<\/p>\n\n\n\n<p><\/p>\n\n\n\n<p><strong>Entrar al Museo del Juguete<\/strong><strong><\/strong><\/p>\n\n\n\n<p>Tiene&nbsp;colecciones del siglo XIX y XX de osos de peluche, antiguas Barbies, videojuegos, robots, trenes el\u00e9ctricos\u2026&nbsp;<strong>Un museo de lo m\u00e1s curioso<\/strong>.<\/p>\n\n\n\n<p>Dato pr\u00e1ctico: Si vas con ni\u00f1os de menos de 8 a\u00f1os entran gratis.<\/p>\n\n\n\n<p>\u270e Situado en el n\u00famero 40 de la <a href=\"https:\/\/www.google.com\/maps\/place\/40+Rue+Vauban,+68000+Colmar,+Francia\/@48.079204,7.3597709,17z\/data=!3m1!4b1!4m5!3m4!1s0x479165e3ed13c2cd:0x563cd2b96af94389!8m2!3d48.0792004!4d7.3619596\" target=\"_blank\" rel=\"noreferrer noopener\"><strong>Rue Vauban<\/strong><\/a>.<\/p>\n\n\n\n<p><strong>Sorprenderse con la Estatua de la Libertad de Bartholdi<\/strong><strong><\/strong><\/p>\n\n\n\n<p>A la entrada de la ciudad de Colmar, ver\u00e1s en una rotonda una <strong>Estatua de la Libertad <\/strong> ya que su creador, Bartholdi, naci\u00f3 en Colmar.<\/p>\n\n\n\n<p><\/p>\n","protected":false},"excerpt":{"rendered":"<p>Los Mercados Navide\u00f1os de Colmar (Francia) est\u00e1n catalogado como el segundo mejor de Europa despu\u00e9s del mercado de Estrasburgo, ya que es un pueblo alucinante y durante estas fechas desborda magia all\u00e1 donde mires. Existen 6 mercadillos para disfrutar de la Navidad, y si has decidido este a\u00f1o que vas a conocerlos, has hecho una [&hellip;]<\/p>\n","protected":false},"author":1,"featured_media":609,"comment_status":"open","ping_status":"open","sticky":false,"template":"","format":"standard","meta":{"_sitemap_exclude":false,"_sitemap_priority":"","_sitemap_frequency":"","footnotes":""},"categories":[11,22],"tags":[],"class_list":["post-592","post","type-post","status-publish","format-standard","has-post-thumbnail","hentry","category-destino","category-que-hacer"],"yoast_head":"<!-- This site is optimized with the Yoast SEO plugin v27.4 - https:\/\/yoast.com\/product\/yoast-seo-wordpress\/ -->\n<title>Mercados Navide\u00f1os en COLMAR - Guzman Tours por el mundo<\/title>\n<meta name=\"robots\" content=\"index, follow, max-snippet:-1, max-image-preview:large, max-video-preview:-1\" \/>\n<link rel=\"canonical\" href=\"https:\/\/guzmantours.tplus.es\/index.php\/2023\/09\/12\/mercados-navidenos-en-colmar\/\" \/>\n<meta property=\"og:locale\" content=\"es_ES\" \/>\n<meta property=\"og:type\" content=\"article\" \/>\n<meta property=\"og:title\" content=\"Mercados Navide\u00f1os en COLMAR - Guzman Tours por el mundo\" \/>\n<meta property=\"og:description\" content=\"Los Mercados Navide\u00f1os de Colmar (Francia) est\u00e1n catalogado como el segundo mejor de Europa despu\u00e9s del mercado de Estrasburgo, ya que es un pueblo alucinante y durante estas fechas desborda magia all\u00e1 donde mires. Existen 6 mercadillos para disfrutar de la Navidad, y si has decidido este a\u00f1o que vas a conocerlos, has hecho una [&hellip;]\" \/>\n<meta property=\"og:url\" content=\"https:\/\/guzmantours.tplus.es\/index.php\/2023\/09\/12\/mercados-navidenos-en-colmar\/\" \/>\n<meta property=\"og:site_name\" content=\"Guzman Tours por el mundo\" \/>\n<meta property=\"article:published_time\" content=\"2023-09-12T19:12:52+00:00\" \/>\n<meta property=\"article:modified_time\" content=\"2023-09-17T09:39:49+00:00\" \/>\n<meta property=\"og:image\" content=\"https:\/\/guzmantours.tplus.es\/wp-content\/uploads\/2023\/09\/colmar-3.jpg\" \/>\n\t<meta property=\"og:image:width\" content=\"1024\" \/>\n\t<meta property=\"og:image:height\" content=\"683\" \/>\n\t<meta property=\"og:image:type\" content=\"image\/jpeg\" \/>\n<meta name=\"author\" content=\"admin\" \/>\n<meta name=\"twitter:card\" content=\"summary_large_image\" \/>\n<meta name=\"twitter:label1\" content=\"Escrito por\" \/>\n\t<meta name=\"twitter:data1\" content=\"admin\" \/>\n\t<meta name=\"twitter:label2\" content=\"Tiempo de lectura\" \/>\n\t<meta name=\"twitter:data2\" content=\"9 minutos\" \/>\n<script type=\"application\/ld+json\" class=\"yoast-schema-graph\">{\"@context\":\"https:\\\/\\\/schema.org\",\"@graph\":[{\"@type\":\"Article\",\"@id\":\"https:\\\/\\\/guzmantours.tplus.es\\\/index.php\\\/2023\\\/09\\\/12\\\/mercados-navidenos-en-colmar\\\/#article\",\"isPartOf\":{\"@id\":\"https:\\\/\\\/guzmantours.tplus.es\\\/index.php\\\/2023\\\/09\\\/12\\\/mercados-navidenos-en-colmar\\\/\"},\"author\":{\"name\":\"admin\",\"@id\":\"https:\\\/\\\/guzmantours.tplus.es\\\/#\\\/schema\\\/person\\\/2a910e58ac56d6111833ac0ea15cddb7\"},\"headline\":\"Mercados Navide\u00f1os en COLMAR\",\"datePublished\":\"2023-09-12T19:12:52+00:00\",\"dateModified\":\"2023-09-17T09:39:49+00:00\",\"mainEntityOfPage\":{\"@id\":\"https:\\\/\\\/guzmantours.tplus.es\\\/index.php\\\/2023\\\/09\\\/12\\\/mercados-navidenos-en-colmar\\\/\"},\"wordCount\":1335,\"commentCount\":0,\"publisher\":{\"@id\":\"https:\\\/\\\/guzmantours.tplus.es\\\/#organization\"},\"image\":{\"@id\":\"https:\\\/\\\/guzmantours.tplus.es\\\/index.php\\\/2023\\\/09\\\/12\\\/mercados-navidenos-en-colmar\\\/#primaryimage\"},\"thumbnailUrl\":\"https:\\\/\\\/guzmantours.tplus.es\\\/wp-content\\\/uploads\\\/2023\\\/09\\\/colmar-3.jpg\",\"articleSection\":[\"Destino...\",\"Que hacer...\"],\"inLanguage\":\"es\",\"potentialAction\":[{\"@type\":\"CommentAction\",\"name\":\"Comment\",\"target\":[\"https:\\\/\\\/guzmantours.tplus.es\\\/index.php\\\/2023\\\/09\\\/12\\\/mercados-navidenos-en-colmar\\\/#respond\"]}]},{\"@type\":\"WebPage\",\"@id\":\"https:\\\/\\\/guzmantours.tplus.es\\\/index.php\\\/2023\\\/09\\\/12\\\/mercados-navidenos-en-colmar\\\/\",\"url\":\"https:\\\/\\\/guzmantours.tplus.es\\\/index.php\\\/2023\\\/09\\\/12\\\/mercados-navidenos-en-colmar\\\/\",\"name\":\"Mercados Navide\u00f1os en COLMAR - Guzman Tours por el mundo\",\"isPartOf\":{\"@id\":\"https:\\\/\\\/guzmantours.tplus.es\\\/#website\"},\"primaryImageOfPage\":{\"@id\":\"https:\\\/\\\/guzmantours.tplus.es\\\/index.php\\\/2023\\\/09\\\/12\\\/mercados-navidenos-en-colmar\\\/#primaryimage\"},\"image\":{\"@id\":\"https:\\\/\\\/guzmantours.tplus.es\\\/index.php\\\/2023\\\/09\\\/12\\\/mercados-navidenos-en-colmar\\\/#primaryimage\"},\"thumbnailUrl\":\"https:\\\/\\\/guzmantours.tplus.es\\\/wp-content\\\/uploads\\\/2023\\\/09\\\/colmar-3.jpg\",\"datePublished\":\"2023-09-12T19:12:52+00:00\",\"dateModified\":\"2023-09-17T09:39:49+00:00\",\"breadcrumb\":{\"@id\":\"https:\\\/\\\/guzmantours.tplus.es\\\/index.php\\\/2023\\\/09\\\/12\\\/mercados-navidenos-en-colmar\\\/#breadcrumb\"},\"inLanguage\":\"es\",\"potentialAction\":[{\"@type\":\"ReadAction\",\"target\":[\"https:\\\/\\\/guzmantours.tplus.es\\\/index.php\\\/2023\\\/09\\\/12\\\/mercados-navidenos-en-colmar\\\/\"]}]},{\"@type\":\"ImageObject\",\"inLanguage\":\"es\",\"@id\":\"https:\\\/\\\/guzmantours.tplus.es\\\/index.php\\\/2023\\\/09\\\/12\\\/mercados-navidenos-en-colmar\\\/#primaryimage\",\"url\":\"https:\\\/\\\/guzmantours.tplus.es\\\/wp-content\\\/uploads\\\/2023\\\/09\\\/colmar-3.jpg\",\"contentUrl\":\"https:\\\/\\\/guzmantours.tplus.es\\\/wp-content\\\/uploads\\\/2023\\\/09\\\/colmar-3.jpg\",\"width\":1024,\"height\":683},{\"@type\":\"BreadcrumbList\",\"@id\":\"https:\\\/\\\/guzmantours.tplus.es\\\/index.php\\\/2023\\\/09\\\/12\\\/mercados-navidenos-en-colmar\\\/#breadcrumb\",\"itemListElement\":[{\"@type\":\"ListItem\",\"position\":1,\"name\":\"Portada\",\"item\":\"https:\\\/\\\/guzmantours.tplus.es\\\/\"},{\"@type\":\"ListItem\",\"position\":2,\"name\":\"Mercados Navide\u00f1os en COLMAR\"}]},{\"@type\":\"WebSite\",\"@id\":\"https:\\\/\\\/guzmantours.tplus.es\\\/#website\",\"url\":\"https:\\\/\\\/guzmantours.tplus.es\\\/\",\"name\":\"Guzman Tours por el mundo\",\"description\":\"Persigue tus sue\u00f1os encuentra tu destino\",\"publisher\":{\"@id\":\"https:\\\/\\\/guzmantours.tplus.es\\\/#organization\"},\"potentialAction\":[{\"@type\":\"SearchAction\",\"target\":{\"@type\":\"EntryPoint\",\"urlTemplate\":\"https:\\\/\\\/guzmantours.tplus.es\\\/?s={search_term_string}\"},\"query-input\":{\"@type\":\"PropertyValueSpecification\",\"valueRequired\":true,\"valueName\":\"search_term_string\"}}],\"inLanguage\":\"es\"},{\"@type\":\"Organization\",\"@id\":\"https:\\\/\\\/guzmantours.tplus.es\\\/#organization\",\"name\":\"Guzman Tours por el mundo\",\"url\":\"https:\\\/\\\/guzmantours.tplus.es\\\/\",\"logo\":{\"@type\":\"ImageObject\",\"inLanguage\":\"es\",\"@id\":\"https:\\\/\\\/guzmantours.tplus.es\\\/#\\\/schema\\\/logo\\\/image\\\/\",\"url\":\"https:\\\/\\\/guzmantours.tplus.es\\\/wp-content\\\/uploads\\\/2023\\\/03\\\/Logo_GT_SF.gif\",\"contentUrl\":\"https:\\\/\\\/guzmantours.tplus.es\\\/wp-content\\\/uploads\\\/2023\\\/03\\\/Logo_GT_SF.gif\",\"width\":599,\"height\":167,\"caption\":\"Guzman Tours por el mundo\"},\"image\":{\"@id\":\"https:\\\/\\\/guzmantours.tplus.es\\\/#\\\/schema\\\/logo\\\/image\\\/\"}},{\"@type\":\"Person\",\"@id\":\"https:\\\/\\\/guzmantours.tplus.es\\\/#\\\/schema\\\/person\\\/2a910e58ac56d6111833ac0ea15cddb7\",\"name\":\"admin\",\"image\":{\"@type\":\"ImageObject\",\"inLanguage\":\"es\",\"@id\":\"https:\\\/\\\/secure.gravatar.com\\\/avatar\\\/44873c9d0d15ecfcfe316c9de7cef7cd2c1ee23db5c00f2b511fe09d91ba913d?s=96&d=mm&r=g\",\"url\":\"https:\\\/\\\/secure.gravatar.com\\\/avatar\\\/44873c9d0d15ecfcfe316c9de7cef7cd2c1ee23db5c00f2b511fe09d91ba913d?s=96&d=mm&r=g\",\"contentUrl\":\"https:\\\/\\\/secure.gravatar.com\\\/avatar\\\/44873c9d0d15ecfcfe316c9de7cef7cd2c1ee23db5c00f2b511fe09d91ba913d?s=96&d=mm&r=g\",\"caption\":\"admin\"},\"sameAs\":[\"https:\\\/\\\/guzmantours.tplus.es\"],\"url\":\"https:\\\/\\\/guzmantours.tplus.es\\\/index.php\\\/author\\\/admin\\\/\"}]}<\/script>\n<!-- \/ Yoast SEO plugin. -->","yoast_head_json":{"title":"Mercados Navide\u00f1os en COLMAR - Guzman Tours por el mundo","robots":{"index":"index","follow":"follow","max-snippet":"max-snippet:-1","max-image-preview":"max-image-preview:large","max-video-preview":"max-video-preview:-1"},"canonical":"https:\/\/guzmantours.tplus.es\/index.php\/2023\/09\/12\/mercados-navidenos-en-colmar\/","og_locale":"es_ES","og_type":"article","og_title":"Mercados Navide\u00f1os en COLMAR - Guzman Tours por el mundo","og_description":"Los Mercados Navide\u00f1os de Colmar (Francia) est\u00e1n catalogado como el segundo mejor de Europa despu\u00e9s del mercado de Estrasburgo, ya que es un pueblo alucinante y durante estas fechas desborda magia all\u00e1 donde mires. Existen 6 mercadillos para disfrutar de la Navidad, y si has decidido este a\u00f1o que vas a conocerlos, has hecho una [&hellip;]","og_url":"https:\/\/guzmantours.tplus.es\/index.php\/2023\/09\/12\/mercados-navidenos-en-colmar\/","og_site_name":"Guzman Tours por el mundo","article_published_time":"2023-09-12T19:12:52+00:00","article_modified_time":"2023-09-17T09:39:49+00:00","og_image":[{"width":1024,"height":683,"url":"https:\/\/guzmantours.tplus.es\/wp-content\/uploads\/2023\/09\/colmar-3.jpg","type":"image\/jpeg"}],"author":"admin","twitter_card":"summary_large_image","twitter_misc":{"Escrito por":"admin","Tiempo de lectura":"9 minutos"},"schema":{"@context":"https:\/\/schema.org","@graph":[{"@type":"Article","@id":"https:\/\/guzmantours.tplus.es\/index.php\/2023\/09\/12\/mercados-navidenos-en-colmar\/#article","isPartOf":{"@id":"https:\/\/guzmantours.tplus.es\/index.php\/2023\/09\/12\/mercados-navidenos-en-colmar\/"},"author":{"name":"admin","@id":"https:\/\/guzmantours.tplus.es\/#\/schema\/person\/2a910e58ac56d6111833ac0ea15cddb7"},"headline":"Mercados Navide\u00f1os en COLMAR","datePublished":"2023-09-12T19:12:52+00:00","dateModified":"2023-09-17T09:39:49+00:00","mainEntityOfPage":{"@id":"https:\/\/guzmantours.tplus.es\/index.php\/2023\/09\/12\/mercados-navidenos-en-colmar\/"},"wordCount":1335,"commentCount":0,"publisher":{"@id":"https:\/\/guzmantours.tplus.es\/#organization"},"image":{"@id":"https:\/\/guzmantours.tplus.es\/index.php\/2023\/09\/12\/mercados-navidenos-en-colmar\/#primaryimage"},"thumbnailUrl":"https:\/\/guzmantours.tplus.es\/wp-content\/uploads\/2023\/09\/colmar-3.jpg","articleSection":["Destino...","Que hacer..."],"inLanguage":"es","potentialAction":[{"@type":"CommentAction","name":"Comment","target":["https:\/\/guzmantours.tplus.es\/index.php\/2023\/09\/12\/mercados-navidenos-en-colmar\/#respond"]}]},{"@type":"WebPage","@id":"https:\/\/guzmantours.tplus.es\/index.php\/2023\/09\/12\/mercados-navidenos-en-colmar\/","url":"https:\/\/guzmantours.tplus.es\/index.php\/2023\/09\/12\/mercados-navidenos-en-colmar\/","name":"Mercados Navide\u00f1os en COLMAR - Guzman Tours por el mundo","isPartOf":{"@id":"https:\/\/guzmantours.tplus.es\/#website"},"primaryImageOfPage":{"@id":"https:\/\/guzmantours.tplus.es\/index.php\/2023\/09\/12\/mercados-navidenos-en-colmar\/#primaryimage"},"image":{"@id":"https:\/\/guzmantours.tplus.es\/index.php\/2023\/09\/12\/mercados-navidenos-en-colmar\/#primaryimage"},"thumbnailUrl":"https:\/\/guzmantours.tplus.es\/wp-content\/uploads\/2023\/09\/colmar-3.jpg","datePublished":"2023-09-12T19:12:52+00:00","dateModified":"2023-09-17T09:39:49+00:00","breadcrumb":{"@id":"https:\/\/guzmantours.tplus.es\/index.php\/2023\/09\/12\/mercados-navidenos-en-colmar\/#breadcrumb"},"inLanguage":"es","potentialAction":[{"@type":"ReadAction","target":["https:\/\/guzmantours.tplus.es\/index.php\/2023\/09\/12\/mercados-navidenos-en-colmar\/"]}]},{"@type":"ImageObject","inLanguage":"es","@id":"https:\/\/guzmantours.tplus.es\/index.php\/2023\/09\/12\/mercados-navidenos-en-colmar\/#primaryimage","url":"https:\/\/guzmantours.tplus.es\/wp-content\/uploads\/2023\/09\/colmar-3.jpg","contentUrl":"https:\/\/guzmantours.tplus.es\/wp-content\/uploads\/2023\/09\/colmar-3.jpg","width":1024,"height":683},{"@type":"BreadcrumbList","@id":"https:\/\/guzmantours.tplus.es\/index.php\/2023\/09\/12\/mercados-navidenos-en-colmar\/#breadcrumb","itemListElement":[{"@type":"ListItem","position":1,"name":"Portada","item":"https:\/\/guzmantours.tplus.es\/"},{"@type":"ListItem","position":2,"name":"Mercados Navide\u00f1os en COLMAR"}]},{"@type":"WebSite","@id":"https:\/\/guzmantours.tplus.es\/#website","url":"https:\/\/guzmantours.tplus.es\/","name":"Guzman Tours por el mundo","description":"Persigue tus sue\u00f1os encuentra tu destino","publisher":{"@id":"https:\/\/guzmantours.tplus.es\/#organization"},"potentialAction":[{"@type":"SearchAction","target":{"@type":"EntryPoint","urlTemplate":"https:\/\/guzmantours.tplus.es\/?s={search_term_string}"},"query-input":{"@type":"PropertyValueSpecification","valueRequired":true,"valueName":"search_term_string"}}],"inLanguage":"es"},{"@type":"Organization","@id":"https:\/\/guzmantours.tplus.es\/#organization","name":"Guzman Tours por el mundo","url":"https:\/\/guzmantours.tplus.es\/","logo":{"@type":"ImageObject","inLanguage":"es","@id":"https:\/\/guzmantours.tplus.es\/#\/schema\/logo\/image\/","url":"https:\/\/guzmantours.tplus.es\/wp-content\/uploads\/2023\/03\/Logo_GT_SF.gif","contentUrl":"https:\/\/guzmantours.tplus.es\/wp-content\/uploads\/2023\/03\/Logo_GT_SF.gif","width":599,"height":167,"caption":"Guzman Tours por el mundo"},"image":{"@id":"https:\/\/guzmantours.tplus.es\/#\/schema\/logo\/image\/"}},{"@type":"Person","@id":"https:\/\/guzmantours.tplus.es\/#\/schema\/person\/2a910e58ac56d6111833ac0ea15cddb7","name":"admin","image":{"@type":"ImageObject","inLanguage":"es","@id":"https:\/\/secure.gravatar.com\/avatar\/44873c9d0d15ecfcfe316c9de7cef7cd2c1ee23db5c00f2b511fe09d91ba913d?s=96&d=mm&r=g","url":"https:\/\/secure.gravatar.com\/avatar\/44873c9d0d15ecfcfe316c9de7cef7cd2c1ee23db5c00f2b511fe09d91ba913d?s=96&d=mm&r=g","contentUrl":"https:\/\/secure.gravatar.com\/avatar\/44873c9d0d15ecfcfe316c9de7cef7cd2c1ee23db5c00f2b511fe09d91ba913d?s=96&d=mm&r=g","caption":"admin"},"sameAs":["https:\/\/guzmantours.tplus.es"],"url":"https:\/\/guzmantours.tplus.es\/index.php\/author\/admin\/"}]}},"_links":{"self":[{"href":"https:\/\/guzmantours.tplus.es\/index.php\/wp-json\/wp\/v2\/posts\/592","targetHints":{"allow":["GET"]}}],"collection":[{"href":"https:\/\/guzmantours.tplus.es\/index.php\/wp-json\/wp\/v2\/posts"}],"about":[{"href":"https:\/\/guzmantours.tplus.es\/index.php\/wp-json\/wp\/v2\/types\/post"}],"author":[{"embeddable":true,"href":"https:\/\/guzmantours.tplus.es\/index.php\/wp-json\/wp\/v2\/users\/1"}],"replies":[{"embeddable":true,"href":"https:\/\/guzmantours.tplus.es\/index.php\/wp-json\/wp\/v2\/comments?post=592"}],"version-history":[{"count":21,"href":"https:\/\/guzmantours.tplus.es\/index.php\/wp-json\/wp\/v2\/posts\/592\/revisions"}],"predecessor-version":[{"id":626,"href":"https:\/\/guzmantours.tplus.es\/index.php\/wp-json\/wp\/v2\/posts\/592\/revisions\/626"}],"wp:featuredmedia":[{"embeddable":true,"href":"https:\/\/guzmantours.tplus.es\/index.php\/wp-json\/wp\/v2\/media\/609"}],"wp:attachment":[{"href":"https:\/\/guzmantours.tplus.es\/index.php\/wp-json\/wp\/v2\/media?parent=592"}],"wp:term":[{"taxonomy":"category","embeddable":true,"href":"https:\/\/guzmantours.tplus.es\/index.php\/wp-json\/wp\/v2\/categories?post=592"},{"taxonomy":"post_tag","embeddable":true,"href":"https:\/\/guzmantours.tplus.es\/index.php\/wp-json\/wp\/v2\/tags?post=592"}],"curies":[{"name":"wp","href":"https:\/\/api.w.org\/{rel}","templated":true}]}}