{"id":317,"date":"2023-03-27T19:33:45","date_gmt":"2023-03-27T19:33:45","guid":{"rendered":"https:\/\/guzmantours.tplus.es\/?p=317"},"modified":"2023-03-27T19:37:10","modified_gmt":"2023-03-27T19:37:10","slug":"el-vaticano","status":"publish","type":"post","link":"https:\/\/guzmantours.tplus.es\/index.php\/2023\/03\/27\/el-vaticano\/","title":{"rendered":"El Vaticano"},"content":{"rendered":"\n<p><\/p>\n\n\n\n<div class=\"wp-block-media-text alignwide is-stacked-on-mobile\" style=\"grid-template-columns:25% auto\"><figure class=\"wp-block-media-text__media\"><img loading=\"lazy\" decoding=\"async\" width=\"1024\" height=\"1024\" src=\"https:\/\/guzmantours.tplus.es\/wp-content\/uploads\/2023\/03\/imagen-5-1024x1024.png\" alt=\"el vaticano\" class=\"wp-image-331 size-full\" srcset=\"https:\/\/guzmantours.tplus.es\/wp-content\/uploads\/2023\/03\/imagen-5.png 1024w, https:\/\/guzmantours.tplus.es\/wp-content\/uploads\/2023\/03\/imagen-5-300x300.png 300w, https:\/\/guzmantours.tplus.es\/wp-content\/uploads\/2023\/03\/imagen-5-150x150.png 150w, https:\/\/guzmantours.tplus.es\/wp-content\/uploads\/2023\/03\/imagen-5-768x768.png 768w\" sizes=\"auto, (max-width: 1024px) 100vw, 1024px\" \/><\/figure><div class=\"wp-block-media-text__content\">\n<p>La ciudad del Vaticano est\u00e1 ubicada dentro de Roma en Italia y es la <a href=\"https:\/\/www.vatican.va\/content\/vatican\/es.html\">sede central de la Iglesia Cat\u00f3lica Romana<\/a>. Tesoro de la arquitectura y el arte ic\u00f3nicos. Sus museos contienen antiguas escrituras romanas, como la famosa \u00abLaocconte y sus hijos\u00bb, junto con frescos renacentistas en las Salas de Rafael y la Capilla Sixtina, famosa por el techo pintado por Miguel Angel.<\/p>\n\n\n\n<p>Toma su nombre de la colina Vaticana y se constituye como instrumento de independencia de la Santa Sede y de la Iglesia Cat\u00f3lica respecto a cualquier otro poder externo.<\/p>\n<\/div><\/div>\n\n\n\n<p>Pero dejando de un lado todo lo que rodea al Vaticano nos centraremos en las tres visitas que no nos podemos perder: <strong>La plaza de San Pedro, La Bas\u00edlica de San Pedro y los Museos Vaticanos<\/strong>.<\/p>\n\n\n\n<h3 class=\"wp-block-heading\">La Plaza de San Pedro<\/h3>\n\n\n\n<p><\/p>\n\n\n\n<div class=\"wp-block-media-text alignwide is-stacked-on-mobile\" style=\"margin-top:0;margin-right:0;margin-bottom:0;margin-left:0;grid-template-columns:24% auto\"><figure class=\"wp-block-media-text__media\"><img loading=\"lazy\" decoding=\"async\" width=\"540\" height=\"720\" src=\"https:\/\/guzmantours.tplus.es\/wp-content\/uploads\/2023\/03\/imagen-6.png\" alt=\"la plaza de san pedro\" class=\"wp-image-333 size-full\" srcset=\"https:\/\/guzmantours.tplus.es\/wp-content\/uploads\/2023\/03\/imagen-6.png 540w, https:\/\/guzmantours.tplus.es\/wp-content\/uploads\/2023\/03\/imagen-6-225x300.png 225w\" sizes=\"auto, (max-width: 540px) 100vw, 540px\" \/><\/figure><div class=\"wp-block-media-text__content\">\n<p>Situada a los pies de la bas\u00edlica de San Pedro, la plaza es una de las m\u00e1s bonitas del mundo. Construida por Bernini puede acoger a m\u00e1s de 300.000 personas.<\/p>\n\n\n\n<p>Se extiende sobre una enorme extensi\u00f3n de terreno, formada por una interminable l\u00ednea de columnatas d\u00f3ricas, hermosas estatuas y otras exquisitas estructuras que la convierten en una de las plazas m\u00e1s increibles del mundo.<\/p>\n\n\n\n<p>Se cree que la estructura se construy\u00f3 en el lugar donde fue asesinado el ap\u00f3stol Pedro, considerado el primer Papa.<\/p>\n\n\n\n<p>Al ser un punto de referencia importante en la ciudad, este espacio abierto acoge una serie de eventos religiosos y culturales durante todo el a\u00f1o, incluida la audiencia papal. Cada a\u00f1o, millones de personas visitan la plaza para honrar la historia y asistir a eventos o simplemente para admirar su magnificencia.<\/p>\n<\/div><\/div>\n\n\n\n<h3 class=\"wp-block-heading\">La Bas\u00edlica de San Pedro<\/h3>\n\n\n\n<div class=\"wp-block-media-text alignwide is-stacked-on-mobile is-vertically-aligned-top\" style=\"grid-template-columns:24% auto\"><figure class=\"wp-block-media-text__media\"><img loading=\"lazy\" decoding=\"async\" width=\"540\" height=\"720\" src=\"https:\/\/guzmantours.tplus.es\/wp-content\/uploads\/2023\/03\/imagen-7.png\" alt=\"la basilica de san pedro\" class=\"wp-image-336 size-full\" srcset=\"https:\/\/guzmantours.tplus.es\/wp-content\/uploads\/2023\/03\/imagen-7.png 540w, https:\/\/guzmantours.tplus.es\/wp-content\/uploads\/2023\/03\/imagen-7-225x300.png 225w\" sizes=\"auto, (max-width: 540px) 100vw, 540px\" \/><\/figure><div class=\"wp-block-media-text__content\">\n<p>Lugar de peregrinaje para muchos cat\u00f3licos, La Bas\u00edlica de San Pedro es la iglesia m\u00e1s grande del mundo. Es una joya dentro de la Ciudad del Vaticano, desde donde los Papas han difundido la palabra de Dios por todo el mundo. Punto de encuentro de millones de peregrinos, cada a\u00f1o, es tambi\u00e9n un hito cultural, hist\u00f3rico y arquitect\u00f3nico, que guarda en su interior tesoros de milenios, como pinturas, esculturas, artefactos y mucho m\u00e1s.<\/p>\n\n\n\n<p>De estilo renacentista, se construy\u00f3 sobre el lugar de enterramiento de San Pedro, uno de los doce ap\u00f3stoles de Jes\u00fas y el primer obispo de Roma. Manteniendo la tradici\u00f3n, todos los Papas son enterrados dentro de la bas\u00edlica.<\/p>\n\n\n\n<p>Considerado como el lugar m\u00e1s sagrado de la cristiandad, se construy\u00f3 entre 1506 y 1626 para sustituir a la antigua bas\u00edlica y fue dise\u00f1ada por los mejores maestros antiguos de la \u00e9poca, como Donato, Bramante, Miguel Angel, Carlo Maderno y Gian Lorenzo Bernini.<\/p>\n\n\n\n<p>Est\u00e1 abierta todo el a\u00f1o, sin embargo, el horario de apertura var\u00eda seg\u00fan la temporada.<\/p>\n\n\n\n<figure class=\"wp-block-table\"><table><tbody><tr><td>Invierno (1 de octubre &#8211; 31 de marzo)<\/td><td>De 07:00 a 18:30<\/td><\/tr><tr><td>Verano (1 de Abril &#8211; 30 de Septiembre)<\/td><td>De 07:00 a 19:00<\/td><\/tr><\/tbody><\/table><\/figure>\n\n\n\n<p>Dentro de la bas\u00edlica podemos encontrar:<\/p>\n\n\n\n<h4 class=\"wp-block-heading\">La C\u00fapula<\/h4>\n\n\n\n<p>La c\u00fapula<strong> <\/strong>de la bas\u00edlica de San Pedro, una de las m\u00e1s grandes del mundo, dise\u00f1ada por Miguel \u00c1ngel aunque no se completo hasta 1590 por su disc\u00edpulo Giacomo Della Porta. La c\u00fapula tiene varios elementos a lo largo de seis c\u00edrculos conc\u00e9ntricos, incluyendo 16 grandes ventanas, bustos, frescos y figuras. Se pueden subir 231 escalones o tomar el ascensor para llegar a la base y subir otros 320 escalones para llegar a la cima y disfrutar de una vista sin obst\u00e1culos del Vaticano y Roma.<\/p>\n\n\n\n<figure class=\"wp-block-image size-full is-resized\"><img loading=\"lazy\" decoding=\"async\" src=\"https:\/\/guzmantours.tplus.es\/wp-content\/uploads\/2023\/03\/imagen-8.png\" alt=\"la cupula\" class=\"wp-image-338\" width=\"463\" height=\"297\" srcset=\"https:\/\/guzmantours.tplus.es\/wp-content\/uploads\/2023\/03\/imagen-8.png 891w, https:\/\/guzmantours.tplus.es\/wp-content\/uploads\/2023\/03\/imagen-8-300x193.png 300w, https:\/\/guzmantours.tplus.es\/wp-content\/uploads\/2023\/03\/imagen-8-768x494.png 768w\" sizes=\"auto, (max-width: 463px) 100vw, 463px\" \/><\/figure>\n\n\n\n<h4 class=\"wp-block-heading\">La Piedad de Miguel \u00c1ngel<\/h4>\n\n\n\n<p>La Piedad de Miguel \u00c1ngel es una de las estatuas m\u00e1s reconocibles del mundo. La estructura de m\u00e1rmol de Carrara representa a Jes\u00fas despu\u00e9s de su crucifixi\u00f3n en el regazo de su madre Mar\u00eda. Con casi 6 pies de altura, la escultura se eleva y exuda un aura monumental que retrata la santidad del momento. Fue la \u00fanica escultura firmada por Miguel \u00c1ngel, creada a finales del siglo XV. <\/p>\n\n\n\n<figure class=\"wp-block-image size-full is-resized\"><img loading=\"lazy\" decoding=\"async\" src=\"https:\/\/guzmantours.tplus.es\/wp-content\/uploads\/2023\/03\/imagen-9.png\" alt=\"la piedad de miguel angel\" class=\"wp-image-339\" width=\"454\" height=\"292\" srcset=\"https:\/\/guzmantours.tplus.es\/wp-content\/uploads\/2023\/03\/imagen-9.png 891w, https:\/\/guzmantours.tplus.es\/wp-content\/uploads\/2023\/03\/imagen-9-300x193.png 300w, https:\/\/guzmantours.tplus.es\/wp-content\/uploads\/2023\/03\/imagen-9-768x494.png 768w\" sizes=\"auto, (max-width: 454px) 100vw, 454px\" \/><\/figure>\n\n\n\n<h4 class=\"wp-block-heading\">El altar del Papa<\/h4>\n\n\n\n<p>El altar del Papa dise\u00f1ado por Gian Lorenzo Bernini, se encuentra en el centro de la bas\u00edlica. Est\u00e1 coronado por un dorsel de bronce de cuatro pilares de estilo barroco. Se construy\u00f3 sobre la tumba de San Pedro, lo que lo convierte en la parte m\u00e1s significativa de la iglesia. Dos caracter\u00edsticas principales del altar papal son el Baldacchino de San Pedro y el Trono de San Pedro. Aqu\u00ed es donde el Papa celebra la misa.<\/p>\n\n\n\n<figure class=\"wp-block-image size-full is-resized\"><img loading=\"lazy\" decoding=\"async\" src=\"https:\/\/guzmantours.tplus.es\/wp-content\/uploads\/2023\/03\/imagen-10.png\" alt=\"el altar del papa\" class=\"wp-image-340\" width=\"458\" height=\"295\" srcset=\"https:\/\/guzmantours.tplus.es\/wp-content\/uploads\/2023\/03\/imagen-10.png 891w, https:\/\/guzmantours.tplus.es\/wp-content\/uploads\/2023\/03\/imagen-10-300x193.png 300w, https:\/\/guzmantours.tplus.es\/wp-content\/uploads\/2023\/03\/imagen-10-768x494.png 768w\" sizes=\"auto, (max-width: 458px) 100vw, 458px\" \/><\/figure>\n\n\n\n<h4 class=\"wp-block-heading\">Estatua de San Longino<\/h4>\n\n\n\n<p>Estatua de San Longino, se encuentra en una galer\u00eda \u00abloggia\u00bb en uno de los cruces de la Bas\u00edlica de San Pedro. Tendr\u00e1s que levantar la cabeza para admirar esta estatua que se eleva m\u00e1s de 13 pies y que fue esculpida por Bernini.<\/p>\n\n\n\n<figure class=\"wp-block-image size-full is-resized\"><img loading=\"lazy\" decoding=\"async\" src=\"https:\/\/guzmantours.tplus.es\/wp-content\/uploads\/2023\/03\/imagen-11.png\" alt=\"estatua de san longino\" class=\"wp-image-343\" width=\"451\" height=\"290\" srcset=\"https:\/\/guzmantours.tplus.es\/wp-content\/uploads\/2023\/03\/imagen-11.png 891w, https:\/\/guzmantours.tplus.es\/wp-content\/uploads\/2023\/03\/imagen-11-300x193.png 300w, https:\/\/guzmantours.tplus.es\/wp-content\/uploads\/2023\/03\/imagen-11-768x494.png 768w\" sizes=\"auto, (max-width: 451px) 100vw, 451px\" \/><\/figure>\n\n\n\n<p>Otros elementos importantes dentro de la Bas\u00edlica son la <strong>Estatua de bronce de San Pedro, el Altar de la confesi\u00f3n, la tumba de San Pedro y las Grutas del Vaticano.<\/strong><\/p>\n<\/div><\/div>\n\n\n\n<p><\/p>\n\n\n\n<h3 class=\"wp-block-heading\">Los Museos Vaticanos<\/h3>\n\n\n\n<p><a href=\"https:\/\/m.museivaticani.va\/content\/museivaticani-mobile\/es.html\">Los museos Vaticanos<\/a> son las galer\u00edas y el conjunto de estancias de valor art\u00edstico propiedad de la Iglesia y accesibles al p\u00fablico en la Ciudad del Vaticano. Muestran obras de una extensa colecci\u00f3n de la Iglesia Cat\u00f3lica.<\/p>\n\n\n\n<p>Los museos son un conjunto de varios museos que se visitan de forma global: el museo Pio Clementino, el museo Etrusco, el museo Egipcio, la Pinacoteca Vaticana son algunos de ellos. <\/p>\n\n\n\n<p>Aunque lo m\u00e1s interesante es hacer una visita guiada que nos evitar\u00e1 colas y har\u00e1n la visitas m\u00e1s amena y de manos de un experto que nos mostrar\u00e1 las piezas m\u00e1s importantes y relevantes de los museos.<\/p>\n\n\n\n<p>Algunas de las mejores obras que podremos encontrar en los museos Vaticanos son:<\/p>\n\n\n\n<h4 class=\"wp-block-heading\"><strong>Laocoonte y sus hijos<\/strong><\/h4>\n\n\n\n<p>Obra griega de dos metros y medios de altura, en m\u00e1rmol y ubicado en el museo Pio Clementino que representa la muerte del sacerdote troyano Laoconte.<\/p>\n\n\n\n<figure class=\"wp-block-image aligncenter size-full is-resized\"><img loading=\"lazy\" decoding=\"async\" src=\"https:\/\/guzmantours.tplus.es\/wp-content\/uploads\/2023\/03\/imagen-12.png\" alt=\"laocoonte y sus hijos\" class=\"wp-image-348\" width=\"326\" height=\"435\" srcset=\"https:\/\/guzmantours.tplus.es\/wp-content\/uploads\/2023\/03\/imagen-12.png 540w, https:\/\/guzmantours.tplus.es\/wp-content\/uploads\/2023\/03\/imagen-12-225x300.png 225w\" sizes=\"auto, (max-width: 326px) 100vw, 326px\" \/><\/figure>\n\n\n\n<h4 class=\"wp-block-heading\">Hermes<\/h4>\n\n\n\n<p>Otra obra del museo Pio Clementino. Se trata de una obra griega de casi dos metros de altura de la escuela de Prax\u00edteles.<\/p>\n\n\n\n<figure class=\"wp-block-image aligncenter size-full is-resized\"><img loading=\"lazy\" decoding=\"async\" src=\"https:\/\/guzmantours.tplus.es\/wp-content\/uploads\/2023\/03\/imagen-13.png\" alt=\"hermes\" class=\"wp-image-349\" width=\"265\" height=\"441\" srcset=\"https:\/\/guzmantours.tplus.es\/wp-content\/uploads\/2023\/03\/imagen-13.png 385w, https:\/\/guzmantours.tplus.es\/wp-content\/uploads\/2023\/03\/imagen-13-180x300.png 180w\" sizes=\"auto, (max-width: 265px) 100vw, 265px\" \/><\/figure>\n\n\n\n<h4 class=\"wp-block-heading\">Augusto de Prima Porta<\/h4>\n\n\n\n<p>Es una estatua descubierta a mediados del siglo XIX en Villa de Livia. Se trata de una enorme estatua de bulto redondo y dos metros de altura que representa la imagen idealizada de Augusto, Emperador de Roma.<\/p>\n\n\n\n<figure class=\"wp-block-image aligncenter size-full is-resized\"><img loading=\"lazy\" decoding=\"async\" src=\"https:\/\/guzmantours.tplus.es\/wp-content\/uploads\/2023\/03\/imagen-14.png\" alt=\"augusto de prima porta\" class=\"wp-image-350\" width=\"282\" height=\"401\" srcset=\"https:\/\/guzmantours.tplus.es\/wp-content\/uploads\/2023\/03\/imagen-14.png 450w, https:\/\/guzmantours.tplus.es\/wp-content\/uploads\/2023\/03\/imagen-14-211x300.png 211w\" sizes=\"auto, (max-width: 282px) 100vw, 282px\" \/><\/figure>\n\n\n\n<h4 class=\"wp-block-heading\">Apolo Belvedere<\/h4>\n\n\n\n<p>De m\u00e1rmol representa al dios Apolo. De origen griego y se ubica en el museo Pio Clementino. Con casi dos metros y medio de altura est\u00e1 considerada una de las obras m\u00e1s delicadas de la historia del arte.<\/p>\n\n\n\n<figure class=\"wp-block-image aligncenter size-full is-resized\"><img loading=\"lazy\" decoding=\"async\" src=\"https:\/\/guzmantours.tplus.es\/wp-content\/uploads\/2023\/03\/imagen-15.png\" alt=\"apolo belvedere\" class=\"wp-image-352\" width=\"306\" height=\"416\" srcset=\"https:\/\/guzmantours.tplus.es\/wp-content\/uploads\/2023\/03\/imagen-15.png 471w, https:\/\/guzmantours.tplus.es\/wp-content\/uploads\/2023\/03\/imagen-15-221x300.png 221w\" sizes=\"auto, (max-width: 306px) 100vw, 306px\" \/><\/figure>\n\n\n\n<h4 class=\"wp-block-heading\">Descendimiento de la Cruz, de Caravaggio<\/h4>\n\n\n\n<p>No pod\u00edan faltar pinturas de Caravaggio, representados en la Pinacoteca Vaticana, con un excelente Descendimiento de la Cruz.<\/p>\n\n\n\n<figure class=\"wp-block-image aligncenter size-full is-resized\"><img loading=\"lazy\" decoding=\"async\" src=\"https:\/\/guzmantours.tplus.es\/wp-content\/uploads\/2023\/03\/imagen-16.png\" alt=\"Descendimiento de la cruz\" class=\"wp-image-354\" width=\"294\" height=\"439\" srcset=\"https:\/\/guzmantours.tplus.es\/wp-content\/uploads\/2023\/03\/imagen-16.png 429w, https:\/\/guzmantours.tplus.es\/wp-content\/uploads\/2023\/03\/imagen-16-201x300.png 201w\" sizes=\"auto, (max-width: 294px) 100vw, 294px\" \/><\/figure>\n\n\n\n<h4 class=\"wp-block-heading\">Transfiguraci\u00f3n, de Rafael<\/h4>\n\n\n\n<p>Los lienzos de Rafael est\u00e1n en la lista aunque su obra estrella son las propias estancias de Rafael. En esta pintura dejo inacabada, pues muri\u00f3 antes de poder terminarla. Se trata de su \u00faltima obra y representa el momento en que Jes\u00fas se transfigura y se vuelve radiante en gloria divina sobre una monta\u00f1a.<\/p>\n\n\n\n<figure class=\"wp-block-image aligncenter size-full is-resized\"><img loading=\"lazy\" decoding=\"async\" src=\"https:\/\/guzmantours.tplus.es\/wp-content\/uploads\/2023\/03\/imagen-17.png\" alt=\"\" class=\"wp-image-355\" width=\"328\" height=\"494\" srcset=\"https:\/\/guzmantours.tplus.es\/wp-content\/uploads\/2023\/03\/imagen-17.png 425w, https:\/\/guzmantours.tplus.es\/wp-content\/uploads\/2023\/03\/imagen-17-199x300.png 199w\" sizes=\"auto, (max-width: 328px) 100vw, 328px\" \/><\/figure>\n\n\n\n<h4 class=\"wp-block-heading\">La escuela de Atenas. Estancias de Rafael<\/h4>\n\n\n\n<p>Durante la visita a los museos vais a pasar tambi\u00e9n por Estancias de Rafael. Se trata de cuatro habitaciones que fueron decoradas por uno de los m\u00e1s famosos pintores de la Historia del Arte. La m\u00e1s famosa de sus pinturas es la de la Escuela de Atenas, que tiene casi ocho metros de base y m\u00e1s de cinco de altura. En esta obra Rafael representa la filosof\u00eda en una sesi\u00f3n entre los fil\u00f3sofos cl\u00e1sicos.<\/p>\n\n\n\n<figure class=\"wp-block-image aligncenter size-full\"><img loading=\"lazy\" decoding=\"async\" width=\"640\" height=\"437\" src=\"https:\/\/guzmantours.tplus.es\/wp-content\/uploads\/2023\/03\/imagen-18.png\" alt=\"la escuela de atenas. estancias de rafael\" class=\"wp-image-357\" srcset=\"https:\/\/guzmantours.tplus.es\/wp-content\/uploads\/2023\/03\/imagen-18.png 640w, https:\/\/guzmantours.tplus.es\/wp-content\/uploads\/2023\/03\/imagen-18-300x205.png 300w\" sizes=\"auto, (max-width: 640px) 100vw, 640px\" \/><\/figure>\n\n\n\n<h4 class=\"wp-block-heading\">La Virgen con el Ni\u00f1o y los Santos, de Perugino<\/h4>\n\n\n\n<p>Un retablo de finales del siglo XV en el que la Virgen, con el ni\u00f1o en brazo, se representa junto a los Santos Lorenzo, Ludovico de Tolosa, Herculano y Constancio. La Virgen est\u00e1 representada seg\u00fan los c\u00e1nones de belleza ideal del renacimiento.<\/p>\n\n\n\n<figure class=\"wp-block-image aligncenter size-full is-resized\"><img loading=\"lazy\" decoding=\"async\" src=\"https:\/\/guzmantours.tplus.es\/wp-content\/uploads\/2023\/03\/imagen-19.png\" alt=\"La Virgen con el ni\u00f1o y los santos\" class=\"wp-image-358\" width=\"385\" height=\"453\" srcset=\"https:\/\/guzmantours.tplus.es\/wp-content\/uploads\/2023\/03\/imagen-19.png 544w, https:\/\/guzmantours.tplus.es\/wp-content\/uploads\/2023\/03\/imagen-19-255x300.png 255w\" sizes=\"auto, (max-width: 385px) 100vw, 385px\" \/><\/figure>\n\n\n\n<h4 class=\"wp-block-heading\">La Creaci\u00f3n de Ad\u00e1n<\/h4>\n\n\n\n<p>La Capilla Sixtina forma parte del tramo final de los Museos Vaticanos. Tan s\u00f3lo con poder visitar estas estancias merecer\u00eda la pena visitar los museos. Por tanto, varias de las mejores obras se localizan en la Capilla Sixtina. Este fresco: La Creaci\u00f3n de Ad\u00e1n representa el momento del G\u00e9nesis en el que Dios da vida a Ad\u00e1n, el primer hombre.<\/p>\n\n\n\n<figure class=\"wp-block-image aligncenter size-full\"><img loading=\"lazy\" decoding=\"async\" width=\"640\" height=\"333\" src=\"https:\/\/guzmantours.tplus.es\/wp-content\/uploads\/2023\/03\/imagen-20.png\" alt=\"La Creaci\u00f3n de Ad\u00e1n\" class=\"wp-image-359\" srcset=\"https:\/\/guzmantours.tplus.es\/wp-content\/uploads\/2023\/03\/imagen-20.png 640w, https:\/\/guzmantours.tplus.es\/wp-content\/uploads\/2023\/03\/imagen-20-300x156.png 300w\" sizes=\"auto, (max-width: 640px) 100vw, 640px\" \/><figcaption class=\"wp-element-caption\">La Creaci\u00f3n de Ad\u00e1n<\/figcaption><\/figure>\n\n\n\n<h4 class=\"wp-block-heading\">El Juicio Final<\/h4>\n\n\n\n<p>No pod\u00eda faltar otra de las obras sublimes de Miguel \u00c1ngel, el fresco del Juicio Final, que nos explica el c\u00e9lebre episodio de Apocalipsis seg\u00fan San Juan. <\/p>\n\n\n\n<figure class=\"wp-block-image aligncenter size-full is-resized\"><img loading=\"lazy\" decoding=\"async\" src=\"https:\/\/guzmantours.tplus.es\/wp-content\/uploads\/2023\/03\/imagen-21.png\" alt=\"El Juicio Final\" class=\"wp-image-360\" width=\"505\" height=\"536\" srcset=\"https:\/\/guzmantours.tplus.es\/wp-content\/uploads\/2023\/03\/imagen-21.png 603w, https:\/\/guzmantours.tplus.es\/wp-content\/uploads\/2023\/03\/imagen-21-283x300.png 283w\" sizes=\"auto, (max-width: 505px) 100vw, 505px\" \/><figcaption class=\"wp-element-caption\">El Juicio Final<\/figcaption><\/figure>\n\n\n\n<h4 class=\"wp-block-heading\">Precios de las entradas a los museos Vaticanos<\/h4>\n\n\n\n<p>Descubre las Colecciones de los Museos Vaticanos y disfruta de la eterna belleza de la Capilla Sixtina. Entrada para los Museos Vaticanos y la Capilla Sixtina.<br><\/p>\n\n\n\n<p>Precio: \u20ac 17,00<br>Precio reducido: \u20ac 8,00<br>Tarifa de reserva: \u20ac 5,00<br>Audioguia (opcional): \u20ac 7,00 disponible en italiano, ingl\u00e9s, espa\u00f1o, frances, portugues y ruso.<br>Audioguia para ni\u00f1os (Family Tour) entre 6 y 12 a\u00f1os (opcional): \u20ac 5,00<\/p>\n\n\n\n<p><\/p>\n\n\n\n<h3 class=\"wp-block-heading\">C\u00f3mo llegar al Vaticano<\/h3>\n\n\n\n<p>El Vaticano se encuentra en Viale Vaticano, 00165 Roma RM, Italia.<\/p>\n\n\n\n<p>La mejor forma para llegar al Vaticano es en metro desde la estaci\u00f3n de Termini tomando la linea naranja y baj\u00e1ndonos en la estaci\u00f3n Ottaviano-S.Pietro. Desde aqu\u00ed tomaremos un breve paseo de diez minutos que te llevar\u00e1 a la Bas\u00edlica de San Pedro. La estaci\u00f3n Cipro, de la misma l\u00ednea, tambi\u00e9n se encuentra muy cerca de la bas\u00edlica.<\/p>\n\n\n\n<figure class=\"wp-block-image aligncenter size-full\"><img loading=\"lazy\" decoding=\"async\" width=\"423\" height=\"231\" src=\"https:\/\/guzmantours.tplus.es\/wp-content\/uploads\/2023\/03\/imagen-23.png\" alt=\"metro al vaticano\" class=\"wp-image-365\" srcset=\"https:\/\/guzmantours.tplus.es\/wp-content\/uploads\/2023\/03\/imagen-23.png 423w, https:\/\/guzmantours.tplus.es\/wp-content\/uploads\/2023\/03\/imagen-23-300x164.png 300w\" sizes=\"auto, (max-width: 423px) 100vw, 423px\" \/><\/figure>\n","protected":false},"excerpt":{"rendered":"<p>La ciudad del Vaticano est\u00e1 ubicada dentro de Roma en Italia y es la sede central de la Iglesia Cat\u00f3lica Romana. Tesoro de la arquitectura y el arte ic\u00f3nicos. Sus museos contienen antiguas escrituras romanas, como la famosa \u00abLaocconte y sus hijos\u00bb, junto con frescos renacentistas en las Salas de Rafael y la Capilla Sixtina, [&hellip;]<\/p>\n","protected":false},"author":1,"featured_media":359,"comment_status":"open","ping_status":"open","sticky":false,"template":"","format":"standard","meta":{"_sitemap_exclude":false,"_sitemap_priority":"","_sitemap_frequency":"","footnotes":""},"categories":[11,22],"tags":[],"class_list":["post-317","post","type-post","status-publish","format-standard","has-post-thumbnail","hentry","category-destino","category-que-hacer"],"yoast_head":"<!-- This site is optimized with the Yoast SEO plugin v27.4 - https:\/\/yoast.com\/product\/yoast-seo-wordpress\/ -->\n<title>El Vaticano - Guzman Tours por el mundo<\/title>\n<meta name=\"description\" content=\"El Vaticano sede central de la Iglesia Cat\u00f3lica Romana. Visitar la Bas\u00edlica de San Pedro y los Museos Vaticanos.\" \/>\n<meta name=\"robots\" content=\"index, follow, max-snippet:-1, max-image-preview:large, max-video-preview:-1\" \/>\n<link rel=\"canonical\" href=\"https:\/\/guzmantours.tplus.es\/index.php\/2023\/03\/27\/el-vaticano\/\" \/>\n<meta property=\"og:locale\" content=\"es_ES\" \/>\n<meta property=\"og:type\" content=\"article\" \/>\n<meta property=\"og:title\" content=\"El Vaticano - Guzman Tours por el mundo\" \/>\n<meta property=\"og:description\" content=\"El Vaticano sede central de la Iglesia Cat\u00f3lica Romana. Visitar la Bas\u00edlica de San Pedro y los Museos Vaticanos.\" \/>\n<meta property=\"og:url\" content=\"https:\/\/guzmantours.tplus.es\/index.php\/2023\/03\/27\/el-vaticano\/\" \/>\n<meta property=\"og:site_name\" content=\"Guzman Tours por el mundo\" \/>\n<meta property=\"article:published_time\" content=\"2023-03-27T19:33:45+00:00\" \/>\n<meta property=\"article:modified_time\" content=\"2023-03-27T19:37:10+00:00\" \/>\n<meta property=\"og:image\" content=\"https:\/\/guzmantours.tplus.es\/wp-content\/uploads\/2023\/03\/imagen-20.png\" \/>\n\t<meta property=\"og:image:width\" content=\"640\" \/>\n\t<meta property=\"og:image:height\" content=\"333\" \/>\n\t<meta property=\"og:image:type\" content=\"image\/png\" \/>\n<meta name=\"author\" content=\"admin\" \/>\n<meta name=\"twitter:card\" content=\"summary_large_image\" \/>\n<meta name=\"twitter:label1\" content=\"Escrito por\" \/>\n\t<meta name=\"twitter:data1\" content=\"admin\" \/>\n\t<meta name=\"twitter:label2\" content=\"Tiempo de lectura\" \/>\n\t<meta name=\"twitter:data2\" content=\"11 minutos\" \/>\n<script type=\"application\/ld+json\" class=\"yoast-schema-graph\">{\"@context\":\"https:\\\/\\\/schema.org\",\"@graph\":[{\"@type\":\"Article\",\"@id\":\"https:\\\/\\\/guzmantours.tplus.es\\\/index.php\\\/2023\\\/03\\\/27\\\/el-vaticano\\\/#article\",\"isPartOf\":{\"@id\":\"https:\\\/\\\/guzmantours.tplus.es\\\/index.php\\\/2023\\\/03\\\/27\\\/el-vaticano\\\/\"},\"author\":{\"name\":\"admin\",\"@id\":\"https:\\\/\\\/guzmantours.tplus.es\\\/#\\\/schema\\\/person\\\/2a910e58ac56d6111833ac0ea15cddb7\"},\"headline\":\"El Vaticano\",\"datePublished\":\"2023-03-27T19:33:45+00:00\",\"dateModified\":\"2023-03-27T19:37:10+00:00\",\"mainEntityOfPage\":{\"@id\":\"https:\\\/\\\/guzmantours.tplus.es\\\/index.php\\\/2023\\\/03\\\/27\\\/el-vaticano\\\/\"},\"wordCount\":1596,\"commentCount\":0,\"publisher\":{\"@id\":\"https:\\\/\\\/guzmantours.tplus.es\\\/#organization\"},\"image\":{\"@id\":\"https:\\\/\\\/guzmantours.tplus.es\\\/index.php\\\/2023\\\/03\\\/27\\\/el-vaticano\\\/#primaryimage\"},\"thumbnailUrl\":\"https:\\\/\\\/guzmantours.tplus.es\\\/wp-content\\\/uploads\\\/2023\\\/03\\\/imagen-20.png\",\"articleSection\":[\"Destino...\",\"Que hacer...\"],\"inLanguage\":\"es\",\"potentialAction\":[{\"@type\":\"CommentAction\",\"name\":\"Comment\",\"target\":[\"https:\\\/\\\/guzmantours.tplus.es\\\/index.php\\\/2023\\\/03\\\/27\\\/el-vaticano\\\/#respond\"]}]},{\"@type\":\"WebPage\",\"@id\":\"https:\\\/\\\/guzmantours.tplus.es\\\/index.php\\\/2023\\\/03\\\/27\\\/el-vaticano\\\/\",\"url\":\"https:\\\/\\\/guzmantours.tplus.es\\\/index.php\\\/2023\\\/03\\\/27\\\/el-vaticano\\\/\",\"name\":\"El Vaticano - Guzman Tours por el mundo\",\"isPartOf\":{\"@id\":\"https:\\\/\\\/guzmantours.tplus.es\\\/#website\"},\"primaryImageOfPage\":{\"@id\":\"https:\\\/\\\/guzmantours.tplus.es\\\/index.php\\\/2023\\\/03\\\/27\\\/el-vaticano\\\/#primaryimage\"},\"image\":{\"@id\":\"https:\\\/\\\/guzmantours.tplus.es\\\/index.php\\\/2023\\\/03\\\/27\\\/el-vaticano\\\/#primaryimage\"},\"thumbnailUrl\":\"https:\\\/\\\/guzmantours.tplus.es\\\/wp-content\\\/uploads\\\/2023\\\/03\\\/imagen-20.png\",\"datePublished\":\"2023-03-27T19:33:45+00:00\",\"dateModified\":\"2023-03-27T19:37:10+00:00\",\"description\":\"El Vaticano sede central de la Iglesia Cat\u00f3lica Romana. Visitar la Bas\u00edlica de San Pedro y los Museos Vaticanos.\",\"breadcrumb\":{\"@id\":\"https:\\\/\\\/guzmantours.tplus.es\\\/index.php\\\/2023\\\/03\\\/27\\\/el-vaticano\\\/#breadcrumb\"},\"inLanguage\":\"es\",\"potentialAction\":[{\"@type\":\"ReadAction\",\"target\":[\"https:\\\/\\\/guzmantours.tplus.es\\\/index.php\\\/2023\\\/03\\\/27\\\/el-vaticano\\\/\"]}]},{\"@type\":\"ImageObject\",\"inLanguage\":\"es\",\"@id\":\"https:\\\/\\\/guzmantours.tplus.es\\\/index.php\\\/2023\\\/03\\\/27\\\/el-vaticano\\\/#primaryimage\",\"url\":\"https:\\\/\\\/guzmantours.tplus.es\\\/wp-content\\\/uploads\\\/2023\\\/03\\\/imagen-20.png\",\"contentUrl\":\"https:\\\/\\\/guzmantours.tplus.es\\\/wp-content\\\/uploads\\\/2023\\\/03\\\/imagen-20.png\",\"width\":640,\"height\":333},{\"@type\":\"BreadcrumbList\",\"@id\":\"https:\\\/\\\/guzmantours.tplus.es\\\/index.php\\\/2023\\\/03\\\/27\\\/el-vaticano\\\/#breadcrumb\",\"itemListElement\":[{\"@type\":\"ListItem\",\"position\":1,\"name\":\"Portada\",\"item\":\"https:\\\/\\\/guzmantours.tplus.es\\\/\"},{\"@type\":\"ListItem\",\"position\":2,\"name\":\"El Vaticano\"}]},{\"@type\":\"WebSite\",\"@id\":\"https:\\\/\\\/guzmantours.tplus.es\\\/#website\",\"url\":\"https:\\\/\\\/guzmantours.tplus.es\\\/\",\"name\":\"Guzman Tours por el mundo\",\"description\":\"Persigue tus sue\u00f1os encuentra tu destino\",\"publisher\":{\"@id\":\"https:\\\/\\\/guzmantours.tplus.es\\\/#organization\"},\"potentialAction\":[{\"@type\":\"SearchAction\",\"target\":{\"@type\":\"EntryPoint\",\"urlTemplate\":\"https:\\\/\\\/guzmantours.tplus.es\\\/?s={search_term_string}\"},\"query-input\":{\"@type\":\"PropertyValueSpecification\",\"valueRequired\":true,\"valueName\":\"search_term_string\"}}],\"inLanguage\":\"es\"},{\"@type\":\"Organization\",\"@id\":\"https:\\\/\\\/guzmantours.tplus.es\\\/#organization\",\"name\":\"Guzman Tours por el mundo\",\"url\":\"https:\\\/\\\/guzmantours.tplus.es\\\/\",\"logo\":{\"@type\":\"ImageObject\",\"inLanguage\":\"es\",\"@id\":\"https:\\\/\\\/guzmantours.tplus.es\\\/#\\\/schema\\\/logo\\\/image\\\/\",\"url\":\"https:\\\/\\\/guzmantours.tplus.es\\\/wp-content\\\/uploads\\\/2023\\\/03\\\/Logo_GT_SF.gif\",\"contentUrl\":\"https:\\\/\\\/guzmantours.tplus.es\\\/wp-content\\\/uploads\\\/2023\\\/03\\\/Logo_GT_SF.gif\",\"width\":599,\"height\":167,\"caption\":\"Guzman Tours por el mundo\"},\"image\":{\"@id\":\"https:\\\/\\\/guzmantours.tplus.es\\\/#\\\/schema\\\/logo\\\/image\\\/\"}},{\"@type\":\"Person\",\"@id\":\"https:\\\/\\\/guzmantours.tplus.es\\\/#\\\/schema\\\/person\\\/2a910e58ac56d6111833ac0ea15cddb7\",\"name\":\"admin\",\"image\":{\"@type\":\"ImageObject\",\"inLanguage\":\"es\",\"@id\":\"https:\\\/\\\/secure.gravatar.com\\\/avatar\\\/44873c9d0d15ecfcfe316c9de7cef7cd2c1ee23db5c00f2b511fe09d91ba913d?s=96&d=mm&r=g\",\"url\":\"https:\\\/\\\/secure.gravatar.com\\\/avatar\\\/44873c9d0d15ecfcfe316c9de7cef7cd2c1ee23db5c00f2b511fe09d91ba913d?s=96&d=mm&r=g\",\"contentUrl\":\"https:\\\/\\\/secure.gravatar.com\\\/avatar\\\/44873c9d0d15ecfcfe316c9de7cef7cd2c1ee23db5c00f2b511fe09d91ba913d?s=96&d=mm&r=g\",\"caption\":\"admin\"},\"sameAs\":[\"https:\\\/\\\/guzmantours.tplus.es\"],\"url\":\"https:\\\/\\\/guzmantours.tplus.es\\\/index.php\\\/author\\\/admin\\\/\"}]}<\/script>\n<!-- \/ Yoast SEO plugin. -->","yoast_head_json":{"title":"El Vaticano - Guzman Tours por el mundo","description":"El Vaticano sede central de la Iglesia Cat\u00f3lica Romana. Visitar la Bas\u00edlica de San Pedro y los Museos Vaticanos.","robots":{"index":"index","follow":"follow","max-snippet":"max-snippet:-1","max-image-preview":"max-image-preview:large","max-video-preview":"max-video-preview:-1"},"canonical":"https:\/\/guzmantours.tplus.es\/index.php\/2023\/03\/27\/el-vaticano\/","og_locale":"es_ES","og_type":"article","og_title":"El Vaticano - Guzman Tours por el mundo","og_description":"El Vaticano sede central de la Iglesia Cat\u00f3lica Romana. Visitar la Bas\u00edlica de San Pedro y los Museos Vaticanos.","og_url":"https:\/\/guzmantours.tplus.es\/index.php\/2023\/03\/27\/el-vaticano\/","og_site_name":"Guzman Tours por el mundo","article_published_time":"2023-03-27T19:33:45+00:00","article_modified_time":"2023-03-27T19:37:10+00:00","og_image":[{"width":640,"height":333,"url":"https:\/\/guzmantours.tplus.es\/wp-content\/uploads\/2023\/03\/imagen-20.png","type":"image\/png"}],"author":"admin","twitter_card":"summary_large_image","twitter_misc":{"Escrito por":"admin","Tiempo de lectura":"11 minutos"},"schema":{"@context":"https:\/\/schema.org","@graph":[{"@type":"Article","@id":"https:\/\/guzmantours.tplus.es\/index.php\/2023\/03\/27\/el-vaticano\/#article","isPartOf":{"@id":"https:\/\/guzmantours.tplus.es\/index.php\/2023\/03\/27\/el-vaticano\/"},"author":{"name":"admin","@id":"https:\/\/guzmantours.tplus.es\/#\/schema\/person\/2a910e58ac56d6111833ac0ea15cddb7"},"headline":"El Vaticano","datePublished":"2023-03-27T19:33:45+00:00","dateModified":"2023-03-27T19:37:10+00:00","mainEntityOfPage":{"@id":"https:\/\/guzmantours.tplus.es\/index.php\/2023\/03\/27\/el-vaticano\/"},"wordCount":1596,"commentCount":0,"publisher":{"@id":"https:\/\/guzmantours.tplus.es\/#organization"},"image":{"@id":"https:\/\/guzmantours.tplus.es\/index.php\/2023\/03\/27\/el-vaticano\/#primaryimage"},"thumbnailUrl":"https:\/\/guzmantours.tplus.es\/wp-content\/uploads\/2023\/03\/imagen-20.png","articleSection":["Destino...","Que hacer..."],"inLanguage":"es","potentialAction":[{"@type":"CommentAction","name":"Comment","target":["https:\/\/guzmantours.tplus.es\/index.php\/2023\/03\/27\/el-vaticano\/#respond"]}]},{"@type":"WebPage","@id":"https:\/\/guzmantours.tplus.es\/index.php\/2023\/03\/27\/el-vaticano\/","url":"https:\/\/guzmantours.tplus.es\/index.php\/2023\/03\/27\/el-vaticano\/","name":"El Vaticano - Guzman Tours por el mundo","isPartOf":{"@id":"https:\/\/guzmantours.tplus.es\/#website"},"primaryImageOfPage":{"@id":"https:\/\/guzmantours.tplus.es\/index.php\/2023\/03\/27\/el-vaticano\/#primaryimage"},"image":{"@id":"https:\/\/guzmantours.tplus.es\/index.php\/2023\/03\/27\/el-vaticano\/#primaryimage"},"thumbnailUrl":"https:\/\/guzmantours.tplus.es\/wp-content\/uploads\/2023\/03\/imagen-20.png","datePublished":"2023-03-27T19:33:45+00:00","dateModified":"2023-03-27T19:37:10+00:00","description":"El Vaticano sede central de la Iglesia Cat\u00f3lica Romana. Visitar la Bas\u00edlica de San Pedro y los Museos Vaticanos.","breadcrumb":{"@id":"https:\/\/guzmantours.tplus.es\/index.php\/2023\/03\/27\/el-vaticano\/#breadcrumb"},"inLanguage":"es","potentialAction":[{"@type":"ReadAction","target":["https:\/\/guzmantours.tplus.es\/index.php\/2023\/03\/27\/el-vaticano\/"]}]},{"@type":"ImageObject","inLanguage":"es","@id":"https:\/\/guzmantours.tplus.es\/index.php\/2023\/03\/27\/el-vaticano\/#primaryimage","url":"https:\/\/guzmantours.tplus.es\/wp-content\/uploads\/2023\/03\/imagen-20.png","contentUrl":"https:\/\/guzmantours.tplus.es\/wp-content\/uploads\/2023\/03\/imagen-20.png","width":640,"height":333},{"@type":"BreadcrumbList","@id":"https:\/\/guzmantours.tplus.es\/index.php\/2023\/03\/27\/el-vaticano\/#breadcrumb","itemListElement":[{"@type":"ListItem","position":1,"name":"Portada","item":"https:\/\/guzmantours.tplus.es\/"},{"@type":"ListItem","position":2,"name":"El Vaticano"}]},{"@type":"WebSite","@id":"https:\/\/guzmantours.tplus.es\/#website","url":"https:\/\/guzmantours.tplus.es\/","name":"Guzman Tours por el mundo","description":"Persigue tus sue\u00f1os encuentra tu destino","publisher":{"@id":"https:\/\/guzmantours.tplus.es\/#organization"},"potentialAction":[{"@type":"SearchAction","target":{"@type":"EntryPoint","urlTemplate":"https:\/\/guzmantours.tplus.es\/?s={search_term_string}"},"query-input":{"@type":"PropertyValueSpecification","valueRequired":true,"valueName":"search_term_string"}}],"inLanguage":"es"},{"@type":"Organization","@id":"https:\/\/guzmantours.tplus.es\/#organization","name":"Guzman Tours por el mundo","url":"https:\/\/guzmantours.tplus.es\/","logo":{"@type":"ImageObject","inLanguage":"es","@id":"https:\/\/guzmantours.tplus.es\/#\/schema\/logo\/image\/","url":"https:\/\/guzmantours.tplus.es\/wp-content\/uploads\/2023\/03\/Logo_GT_SF.gif","contentUrl":"https:\/\/guzmantours.tplus.es\/wp-content\/uploads\/2023\/03\/Logo_GT_SF.gif","width":599,"height":167,"caption":"Guzman Tours por el mundo"},"image":{"@id":"https:\/\/guzmantours.tplus.es\/#\/schema\/logo\/image\/"}},{"@type":"Person","@id":"https:\/\/guzmantours.tplus.es\/#\/schema\/person\/2a910e58ac56d6111833ac0ea15cddb7","name":"admin","image":{"@type":"ImageObject","inLanguage":"es","@id":"https:\/\/secure.gravatar.com\/avatar\/44873c9d0d15ecfcfe316c9de7cef7cd2c1ee23db5c00f2b511fe09d91ba913d?s=96&d=mm&r=g","url":"https:\/\/secure.gravatar.com\/avatar\/44873c9d0d15ecfcfe316c9de7cef7cd2c1ee23db5c00f2b511fe09d91ba913d?s=96&d=mm&r=g","contentUrl":"https:\/\/secure.gravatar.com\/avatar\/44873c9d0d15ecfcfe316c9de7cef7cd2c1ee23db5c00f2b511fe09d91ba913d?s=96&d=mm&r=g","caption":"admin"},"sameAs":["https:\/\/guzmantours.tplus.es"],"url":"https:\/\/guzmantours.tplus.es\/index.php\/author\/admin\/"}]}},"_links":{"self":[{"href":"https:\/\/guzmantours.tplus.es\/index.php\/wp-json\/wp\/v2\/posts\/317","targetHints":{"allow":["GET"]}}],"collection":[{"href":"https:\/\/guzmantours.tplus.es\/index.php\/wp-json\/wp\/v2\/posts"}],"about":[{"href":"https:\/\/guzmantours.tplus.es\/index.php\/wp-json\/wp\/v2\/types\/post"}],"author":[{"embeddable":true,"href":"https:\/\/guzmantours.tplus.es\/index.php\/wp-json\/wp\/v2\/users\/1"}],"replies":[{"embeddable":true,"href":"https:\/\/guzmantours.tplus.es\/index.php\/wp-json\/wp\/v2\/comments?post=317"}],"version-history":[{"count":20,"href":"https:\/\/guzmantours.tplus.es\/index.php\/wp-json\/wp\/v2\/posts\/317\/revisions"}],"predecessor-version":[{"id":368,"href":"https:\/\/guzmantours.tplus.es\/index.php\/wp-json\/wp\/v2\/posts\/317\/revisions\/368"}],"wp:featuredmedia":[{"embeddable":true,"href":"https:\/\/guzmantours.tplus.es\/index.php\/wp-json\/wp\/v2\/media\/359"}],"wp:attachment":[{"href":"https:\/\/guzmantours.tplus.es\/index.php\/wp-json\/wp\/v2\/media?parent=317"}],"wp:term":[{"taxonomy":"category","embeddable":true,"href":"https:\/\/guzmantours.tplus.es\/index.php\/wp-json\/wp\/v2\/categories?post=317"},{"taxonomy":"post_tag","embeddable":true,"href":"https:\/\/guzmantours.tplus.es\/index.php\/wp-json\/wp\/v2\/tags?post=317"}],"curies":[{"name":"wp","href":"https:\/\/api.w.org\/{rel}","templated":true}]}}