{"id":233,"date":"2023-03-20T02:23:20","date_gmt":"2023-03-20T02:23:20","guid":{"rendered":"https:\/\/guzmantours.tplus.es\/?p=233"},"modified":"2023-03-22T01:35:04","modified_gmt":"2023-03-22T01:35:04","slug":"la-torre-eiffel","status":"publish","type":"post","link":"https:\/\/guzmantours.tplus.es\/index.php\/2023\/03\/20\/la-torre-eiffel\/","title":{"rendered":"La Torre Eiffel"},"content":{"rendered":"\n<p>La visita de la Torre Eiffel, uno de los monumentos arquitect\u00f3nicos m\u00e1s impresionantes de <a href=\"https:\/\/guzmantours.tplus.es\/index.php\/2023\/03\/18\/paris\/\">Par\u00eds<\/a>. Fue con motivo la Exposici\u00f3n Universal de 1889 cuando nace la idea de construir una torre de 300 metros en la que participaron 50 ingenieros y dise\u00f1adores, 5300 dise\u00f1os de taller y que est\u00e1 compuesta por 18.038 piezas met\u00e1licas.<\/p>\n\n\n\n<p>Entre 150 y 300 operarios y otros 150 en fabrica hicieron posible esta mole de 7.300 toneladas de hierro, 2.500.000 de remaches, 60 toneladas de pintura y 5 ascensores.<\/p>\n\n\n\n<p>Su construcci\u00f3n dur\u00f3 2 a\u00f1os, 2 meses y 5 d\u00edas.<\/p>\n\n\n\n<p>Las patas reposan sobre cimientos de hormig\u00f3n instalados unos metros bajo el nivel del suelo sobre una cama de grava compacta.<\/p>\n\n\n\n<h3 class=\"wp-block-heading\">Descubre la Torre Eiffel<\/h3>\n\n\n\n<p>Desde el atrio a la cima descubrir\u00e1s grandes emociones en todas sus plantas y unas vistas inigualables de Par\u00eds. La primera planta con su suelo de cristal y la ascenci\u00f3n por sus escaleras o los ascensores y la sensaci\u00f3n de vernos rodeados de esa gran mole de hierro.<\/p>\n\n\n\n<h3 class=\"wp-block-heading\">Visita la Torre Eiffel<\/h3>\n\n\n\n<p>La Torre Eiffel sigue siendo uno de los monumentos m\u00e1s visitados anualmente por casi 6 millones de personas. Es importante planificar con tiempo la visita y hacerlo de forma programada por lo que te aconsejamos <a href=\"https:\/\/ticket.toureiffel.paris\/es#_ga=2.153837757.484358772.1679340216-1395463655.1679340216\">comprar tus entradas<\/a> antes de venir.<\/p>\n\n\n\n<p><strong>El d\u00eda de la visita<\/strong> tenga a mano las entradas electr\u00f3nicas que son nominativas por lo que tendr\u00e1 que presentar tu documento de identidad.<\/p>\n\n\n\n<p>Ten en cuenta la hora de tu visita y llega 15 minutos antes al atrio para pasar los controles de seguridad.<\/p>\n\n\n\n<p><strong>Como llegar hasta la Torre Eiffel.<\/strong> Aconsejamos que utilices el transporte p\u00fablico ( metro, Velib, RER, autob\u00fas, autom\u00f3vil).<\/p>\n\n\n\n<p><strong>\u00bfC\u00f3mo acceder al atrio?<\/strong>. Hay dos entradas en los jardines para acceder al atrio de la Torre Eiffel: la entrada 1 (SUR) y la entrada 2 (ESTE), que le permite cruzar y descubrir los jardines reacondicionados. Un primer control de seguridad se realiza en estas entradas. Si viene del Campo de Marte y de Trocadero, tome el acceso por la entrada 2 (ESTE) y, si viene de la parada de metro Bir Hakeim o de la parada del tren de cercan\u00edas RER C Campo de Marte, la entrada 1 (SUR) ser\u00e1 la m\u00e1s cercana.<\/p>\n\n\n\n<figure class=\"wp-block-image size-full\"><img loading=\"lazy\" decoding=\"async\" width=\"800\" height=\"533\" src=\"https:\/\/guzmantours.tplus.es\/wp-content\/uploads\/2023\/03\/imagen-2.png\" alt=\"\" class=\"wp-image-302\" srcset=\"https:\/\/guzmantours.tplus.es\/wp-content\/uploads\/2023\/03\/imagen-2.png 800w, https:\/\/guzmantours.tplus.es\/wp-content\/uploads\/2023\/03\/imagen-2-300x200.png 300w, https:\/\/guzmantours.tplus.es\/wp-content\/uploads\/2023\/03\/imagen-2-768x512.png 768w\" sizes=\"auto, (max-width: 800px) 100vw, 800px\" \/><\/figure>\n\n\n\n<p> Una vez en el atrio para subir en ascensor dirijase a los pilares ESTE u OESTE. Si llevas las entradas dir\u00edgete a las colas con bandera verde y acceder directamente a la entrada del pilar.<\/p>\n\n\n\n<h3 class=\"wp-block-heading\">TARIFAS<\/h3>\n\n\n\n<p> El precio para subir en ascensor hasta la 2\u00aa planta es de 18,10\u20ac para adultos, Joven (12-24 a\u00f1os) 9\u20ac, ni\u00f1os (4-11 a\u00f1os) y discapacitados 4,50\u20ac.<\/p>\n\n\n\n<p>Si deseas subir hasta la cima es de 28,30\u20ac para adultos, Joven (12-24 a\u00f1os) 14,10\u20ac, ni\u00f1os (4-11 a\u00f1os) y discapacitados 7,10\u20ac.<\/p>\n\n\n\n<p>Aunque existen otras entradas para subir por las escaleras aconsejamos se suba en ascensor.<\/p>\n","protected":false},"excerpt":{"rendered":"<p>La visita de la Torre Eiffel, uno de los monumentos arquitect\u00f3nicos m\u00e1s impresionantes de Par\u00eds. Fue con motivo la Exposici\u00f3n Universal de 1889 cuando nace la idea de construir una torre de 300 metros en la que participaron 50 ingenieros y dise\u00f1adores, 5300 dise\u00f1os de taller y que est\u00e1 compuesta por 18.038 piezas met\u00e1licas. Entre [&hellip;]<\/p>\n","protected":false},"author":1,"featured_media":275,"comment_status":"open","ping_status":"open","sticky":false,"template":"","format":"standard","meta":{"_sitemap_exclude":false,"_sitemap_priority":"","_sitemap_frequency":"","footnotes":""},"categories":[22],"tags":[],"class_list":["post-233","post","type-post","status-publish","format-standard","has-post-thumbnail","hentry","category-que-hacer"],"yoast_head":"<!-- This site is optimized with the Yoast SEO plugin v27.4 - https:\/\/yoast.com\/product\/yoast-seo-wordpress\/ -->\n<title>La Torre Eiffel - Guzman Tours por el mundo<\/title>\n<meta name=\"description\" content=\"Uno de los monumentos arquitect\u00f3nicos m\u00e1s impresionantes de Par\u00eds es la Torre Eiffel. Fue con motivo la Exposici\u00f3n Universal de 1889\" \/>\n<meta name=\"robots\" content=\"index, follow, max-snippet:-1, max-image-preview:large, max-video-preview:-1\" \/>\n<link rel=\"canonical\" href=\"https:\/\/guzmantours.tplus.es\/index.php\/2023\/03\/20\/la-torre-eiffel\/\" \/>\n<meta property=\"og:locale\" content=\"es_ES\" \/>\n<meta property=\"og:type\" content=\"article\" \/>\n<meta property=\"og:title\" content=\"La Torre Eiffel - Guzman Tours por el mundo\" \/>\n<meta property=\"og:description\" content=\"Uno de los monumentos arquitect\u00f3nicos m\u00e1s impresionantes de Par\u00eds es la Torre Eiffel. Fue con motivo la Exposici\u00f3n Universal de 1889\" \/>\n<meta property=\"og:url\" content=\"https:\/\/guzmantours.tplus.es\/index.php\/2023\/03\/20\/la-torre-eiffel\/\" \/>\n<meta property=\"og:site_name\" content=\"Guzman Tours por el mundo\" \/>\n<meta property=\"article:published_time\" content=\"2023-03-20T02:23:20+00:00\" \/>\n<meta property=\"article:modified_time\" content=\"2023-03-22T01:35:04+00:00\" \/>\n<meta property=\"og:image\" content=\"https:\/\/guzmantours.tplus.es\/wp-content\/uploads\/2023\/03\/architecture-g7d8505145_1280.jpg\" \/>\n\t<meta property=\"og:image:width\" content=\"1280\" \/>\n\t<meta property=\"og:image:height\" content=\"868\" \/>\n\t<meta property=\"og:image:type\" content=\"image\/jpeg\" \/>\n<meta name=\"author\" content=\"admin\" \/>\n<meta name=\"twitter:card\" content=\"summary_large_image\" \/>\n<meta name=\"twitter:label1\" content=\"Escrito por\" \/>\n\t<meta name=\"twitter:data1\" content=\"admin\" \/>\n\t<meta name=\"twitter:label2\" content=\"Tiempo de lectura\" \/>\n\t<meta name=\"twitter:data2\" content=\"3 minutos\" \/>\n<script type=\"application\/ld+json\" class=\"yoast-schema-graph\">{\"@context\":\"https:\\\/\\\/schema.org\",\"@graph\":[{\"@type\":\"Article\",\"@id\":\"https:\\\/\\\/guzmantours.tplus.es\\\/index.php\\\/2023\\\/03\\\/20\\\/la-torre-eiffel\\\/#article\",\"isPartOf\":{\"@id\":\"https:\\\/\\\/guzmantours.tplus.es\\\/index.php\\\/2023\\\/03\\\/20\\\/la-torre-eiffel\\\/\"},\"author\":{\"name\":\"admin\",\"@id\":\"https:\\\/\\\/guzmantours.tplus.es\\\/#\\\/schema\\\/person\\\/2a910e58ac56d6111833ac0ea15cddb7\"},\"headline\":\"La Torre Eiffel\",\"datePublished\":\"2023-03-20T02:23:20+00:00\",\"dateModified\":\"2023-03-22T01:35:04+00:00\",\"mainEntityOfPage\":{\"@id\":\"https:\\\/\\\/guzmantours.tplus.es\\\/index.php\\\/2023\\\/03\\\/20\\\/la-torre-eiffel\\\/\"},\"wordCount\":469,\"commentCount\":0,\"publisher\":{\"@id\":\"https:\\\/\\\/guzmantours.tplus.es\\\/#organization\"},\"image\":{\"@id\":\"https:\\\/\\\/guzmantours.tplus.es\\\/index.php\\\/2023\\\/03\\\/20\\\/la-torre-eiffel\\\/#primaryimage\"},\"thumbnailUrl\":\"https:\\\/\\\/guzmantours.tplus.es\\\/wp-content\\\/uploads\\\/2023\\\/03\\\/architecture-g7d8505145_1280.jpg\",\"articleSection\":[\"Que hacer...\"],\"inLanguage\":\"es\",\"potentialAction\":[{\"@type\":\"CommentAction\",\"name\":\"Comment\",\"target\":[\"https:\\\/\\\/guzmantours.tplus.es\\\/index.php\\\/2023\\\/03\\\/20\\\/la-torre-eiffel\\\/#respond\"]}]},{\"@type\":\"WebPage\",\"@id\":\"https:\\\/\\\/guzmantours.tplus.es\\\/index.php\\\/2023\\\/03\\\/20\\\/la-torre-eiffel\\\/\",\"url\":\"https:\\\/\\\/guzmantours.tplus.es\\\/index.php\\\/2023\\\/03\\\/20\\\/la-torre-eiffel\\\/\",\"name\":\"La Torre Eiffel - Guzman Tours por el mundo\",\"isPartOf\":{\"@id\":\"https:\\\/\\\/guzmantours.tplus.es\\\/#website\"},\"primaryImageOfPage\":{\"@id\":\"https:\\\/\\\/guzmantours.tplus.es\\\/index.php\\\/2023\\\/03\\\/20\\\/la-torre-eiffel\\\/#primaryimage\"},\"image\":{\"@id\":\"https:\\\/\\\/guzmantours.tplus.es\\\/index.php\\\/2023\\\/03\\\/20\\\/la-torre-eiffel\\\/#primaryimage\"},\"thumbnailUrl\":\"https:\\\/\\\/guzmantours.tplus.es\\\/wp-content\\\/uploads\\\/2023\\\/03\\\/architecture-g7d8505145_1280.jpg\",\"datePublished\":\"2023-03-20T02:23:20+00:00\",\"dateModified\":\"2023-03-22T01:35:04+00:00\",\"description\":\"Uno de los monumentos arquitect\u00f3nicos m\u00e1s impresionantes de Par\u00eds es la Torre Eiffel. Fue con motivo la Exposici\u00f3n Universal de 1889\",\"breadcrumb\":{\"@id\":\"https:\\\/\\\/guzmantours.tplus.es\\\/index.php\\\/2023\\\/03\\\/20\\\/la-torre-eiffel\\\/#breadcrumb\"},\"inLanguage\":\"es\",\"potentialAction\":[{\"@type\":\"ReadAction\",\"target\":[\"https:\\\/\\\/guzmantours.tplus.es\\\/index.php\\\/2023\\\/03\\\/20\\\/la-torre-eiffel\\\/\"]}]},{\"@type\":\"ImageObject\",\"inLanguage\":\"es\",\"@id\":\"https:\\\/\\\/guzmantours.tplus.es\\\/index.php\\\/2023\\\/03\\\/20\\\/la-torre-eiffel\\\/#primaryimage\",\"url\":\"https:\\\/\\\/guzmantours.tplus.es\\\/wp-content\\\/uploads\\\/2023\\\/03\\\/architecture-g7d8505145_1280.jpg\",\"contentUrl\":\"https:\\\/\\\/guzmantours.tplus.es\\\/wp-content\\\/uploads\\\/2023\\\/03\\\/architecture-g7d8505145_1280.jpg\",\"width\":1280,\"height\":868,\"caption\":\"La torre Eiffel\"},{\"@type\":\"BreadcrumbList\",\"@id\":\"https:\\\/\\\/guzmantours.tplus.es\\\/index.php\\\/2023\\\/03\\\/20\\\/la-torre-eiffel\\\/#breadcrumb\",\"itemListElement\":[{\"@type\":\"ListItem\",\"position\":1,\"name\":\"Portada\",\"item\":\"https:\\\/\\\/guzmantours.tplus.es\\\/\"},{\"@type\":\"ListItem\",\"position\":2,\"name\":\"La Torre Eiffel\"}]},{\"@type\":\"WebSite\",\"@id\":\"https:\\\/\\\/guzmantours.tplus.es\\\/#website\",\"url\":\"https:\\\/\\\/guzmantours.tplus.es\\\/\",\"name\":\"Guzman Tours por el mundo\",\"description\":\"Persigue tus sue\u00f1os encuentra tu destino\",\"publisher\":{\"@id\":\"https:\\\/\\\/guzmantours.tplus.es\\\/#organization\"},\"potentialAction\":[{\"@type\":\"SearchAction\",\"target\":{\"@type\":\"EntryPoint\",\"urlTemplate\":\"https:\\\/\\\/guzmantours.tplus.es\\\/?s={search_term_string}\"},\"query-input\":{\"@type\":\"PropertyValueSpecification\",\"valueRequired\":true,\"valueName\":\"search_term_string\"}}],\"inLanguage\":\"es\"},{\"@type\":\"Organization\",\"@id\":\"https:\\\/\\\/guzmantours.tplus.es\\\/#organization\",\"name\":\"Guzman Tours por el mundo\",\"url\":\"https:\\\/\\\/guzmantours.tplus.es\\\/\",\"logo\":{\"@type\":\"ImageObject\",\"inLanguage\":\"es\",\"@id\":\"https:\\\/\\\/guzmantours.tplus.es\\\/#\\\/schema\\\/logo\\\/image\\\/\",\"url\":\"https:\\\/\\\/guzmantours.tplus.es\\\/wp-content\\\/uploads\\\/2023\\\/03\\\/Logo_GT_SF.gif\",\"contentUrl\":\"https:\\\/\\\/guzmantours.tplus.es\\\/wp-content\\\/uploads\\\/2023\\\/03\\\/Logo_GT_SF.gif\",\"width\":599,\"height\":167,\"caption\":\"Guzman Tours por el mundo\"},\"image\":{\"@id\":\"https:\\\/\\\/guzmantours.tplus.es\\\/#\\\/schema\\\/logo\\\/image\\\/\"}},{\"@type\":\"Person\",\"@id\":\"https:\\\/\\\/guzmantours.tplus.es\\\/#\\\/schema\\\/person\\\/2a910e58ac56d6111833ac0ea15cddb7\",\"name\":\"admin\",\"image\":{\"@type\":\"ImageObject\",\"inLanguage\":\"es\",\"@id\":\"https:\\\/\\\/secure.gravatar.com\\\/avatar\\\/44873c9d0d15ecfcfe316c9de7cef7cd2c1ee23db5c00f2b511fe09d91ba913d?s=96&d=mm&r=g\",\"url\":\"https:\\\/\\\/secure.gravatar.com\\\/avatar\\\/44873c9d0d15ecfcfe316c9de7cef7cd2c1ee23db5c00f2b511fe09d91ba913d?s=96&d=mm&r=g\",\"contentUrl\":\"https:\\\/\\\/secure.gravatar.com\\\/avatar\\\/44873c9d0d15ecfcfe316c9de7cef7cd2c1ee23db5c00f2b511fe09d91ba913d?s=96&d=mm&r=g\",\"caption\":\"admin\"},\"sameAs\":[\"https:\\\/\\\/guzmantours.tplus.es\"],\"url\":\"https:\\\/\\\/guzmantours.tplus.es\\\/index.php\\\/author\\\/admin\\\/\"}]}<\/script>\n<!-- \/ Yoast SEO plugin. -->","yoast_head_json":{"title":"La Torre Eiffel - Guzman Tours por el mundo","description":"Uno de los monumentos arquitect\u00f3nicos m\u00e1s impresionantes de Par\u00eds es la Torre Eiffel. Fue con motivo la Exposici\u00f3n Universal de 1889","robots":{"index":"index","follow":"follow","max-snippet":"max-snippet:-1","max-image-preview":"max-image-preview:large","max-video-preview":"max-video-preview:-1"},"canonical":"https:\/\/guzmantours.tplus.es\/index.php\/2023\/03\/20\/la-torre-eiffel\/","og_locale":"es_ES","og_type":"article","og_title":"La Torre Eiffel - Guzman Tours por el mundo","og_description":"Uno de los monumentos arquitect\u00f3nicos m\u00e1s impresionantes de Par\u00eds es la Torre Eiffel. Fue con motivo la Exposici\u00f3n Universal de 1889","og_url":"https:\/\/guzmantours.tplus.es\/index.php\/2023\/03\/20\/la-torre-eiffel\/","og_site_name":"Guzman Tours por el mundo","article_published_time":"2023-03-20T02:23:20+00:00","article_modified_time":"2023-03-22T01:35:04+00:00","og_image":[{"width":1280,"height":868,"url":"https:\/\/guzmantours.tplus.es\/wp-content\/uploads\/2023\/03\/architecture-g7d8505145_1280.jpg","type":"image\/jpeg"}],"author":"admin","twitter_card":"summary_large_image","twitter_misc":{"Escrito por":"admin","Tiempo de lectura":"3 minutos"},"schema":{"@context":"https:\/\/schema.org","@graph":[{"@type":"Article","@id":"https:\/\/guzmantours.tplus.es\/index.php\/2023\/03\/20\/la-torre-eiffel\/#article","isPartOf":{"@id":"https:\/\/guzmantours.tplus.es\/index.php\/2023\/03\/20\/la-torre-eiffel\/"},"author":{"name":"admin","@id":"https:\/\/guzmantours.tplus.es\/#\/schema\/person\/2a910e58ac56d6111833ac0ea15cddb7"},"headline":"La Torre Eiffel","datePublished":"2023-03-20T02:23:20+00:00","dateModified":"2023-03-22T01:35:04+00:00","mainEntityOfPage":{"@id":"https:\/\/guzmantours.tplus.es\/index.php\/2023\/03\/20\/la-torre-eiffel\/"},"wordCount":469,"commentCount":0,"publisher":{"@id":"https:\/\/guzmantours.tplus.es\/#organization"},"image":{"@id":"https:\/\/guzmantours.tplus.es\/index.php\/2023\/03\/20\/la-torre-eiffel\/#primaryimage"},"thumbnailUrl":"https:\/\/guzmantours.tplus.es\/wp-content\/uploads\/2023\/03\/architecture-g7d8505145_1280.jpg","articleSection":["Que hacer..."],"inLanguage":"es","potentialAction":[{"@type":"CommentAction","name":"Comment","target":["https:\/\/guzmantours.tplus.es\/index.php\/2023\/03\/20\/la-torre-eiffel\/#respond"]}]},{"@type":"WebPage","@id":"https:\/\/guzmantours.tplus.es\/index.php\/2023\/03\/20\/la-torre-eiffel\/","url":"https:\/\/guzmantours.tplus.es\/index.php\/2023\/03\/20\/la-torre-eiffel\/","name":"La Torre Eiffel - Guzman Tours por el mundo","isPartOf":{"@id":"https:\/\/guzmantours.tplus.es\/#website"},"primaryImageOfPage":{"@id":"https:\/\/guzmantours.tplus.es\/index.php\/2023\/03\/20\/la-torre-eiffel\/#primaryimage"},"image":{"@id":"https:\/\/guzmantours.tplus.es\/index.php\/2023\/03\/20\/la-torre-eiffel\/#primaryimage"},"thumbnailUrl":"https:\/\/guzmantours.tplus.es\/wp-content\/uploads\/2023\/03\/architecture-g7d8505145_1280.jpg","datePublished":"2023-03-20T02:23:20+00:00","dateModified":"2023-03-22T01:35:04+00:00","description":"Uno de los monumentos arquitect\u00f3nicos m\u00e1s impresionantes de Par\u00eds es la Torre Eiffel. Fue con motivo la Exposici\u00f3n Universal de 1889","breadcrumb":{"@id":"https:\/\/guzmantours.tplus.es\/index.php\/2023\/03\/20\/la-torre-eiffel\/#breadcrumb"},"inLanguage":"es","potentialAction":[{"@type":"ReadAction","target":["https:\/\/guzmantours.tplus.es\/index.php\/2023\/03\/20\/la-torre-eiffel\/"]}]},{"@type":"ImageObject","inLanguage":"es","@id":"https:\/\/guzmantours.tplus.es\/index.php\/2023\/03\/20\/la-torre-eiffel\/#primaryimage","url":"https:\/\/guzmantours.tplus.es\/wp-content\/uploads\/2023\/03\/architecture-g7d8505145_1280.jpg","contentUrl":"https:\/\/guzmantours.tplus.es\/wp-content\/uploads\/2023\/03\/architecture-g7d8505145_1280.jpg","width":1280,"height":868,"caption":"La torre Eiffel"},{"@type":"BreadcrumbList","@id":"https:\/\/guzmantours.tplus.es\/index.php\/2023\/03\/20\/la-torre-eiffel\/#breadcrumb","itemListElement":[{"@type":"ListItem","position":1,"name":"Portada","item":"https:\/\/guzmantours.tplus.es\/"},{"@type":"ListItem","position":2,"name":"La Torre Eiffel"}]},{"@type":"WebSite","@id":"https:\/\/guzmantours.tplus.es\/#website","url":"https:\/\/guzmantours.tplus.es\/","name":"Guzman Tours por el mundo","description":"Persigue tus sue\u00f1os encuentra tu destino","publisher":{"@id":"https:\/\/guzmantours.tplus.es\/#organization"},"potentialAction":[{"@type":"SearchAction","target":{"@type":"EntryPoint","urlTemplate":"https:\/\/guzmantours.tplus.es\/?s={search_term_string}"},"query-input":{"@type":"PropertyValueSpecification","valueRequired":true,"valueName":"search_term_string"}}],"inLanguage":"es"},{"@type":"Organization","@id":"https:\/\/guzmantours.tplus.es\/#organization","name":"Guzman Tours por el mundo","url":"https:\/\/guzmantours.tplus.es\/","logo":{"@type":"ImageObject","inLanguage":"es","@id":"https:\/\/guzmantours.tplus.es\/#\/schema\/logo\/image\/","url":"https:\/\/guzmantours.tplus.es\/wp-content\/uploads\/2023\/03\/Logo_GT_SF.gif","contentUrl":"https:\/\/guzmantours.tplus.es\/wp-content\/uploads\/2023\/03\/Logo_GT_SF.gif","width":599,"height":167,"caption":"Guzman Tours por el mundo"},"image":{"@id":"https:\/\/guzmantours.tplus.es\/#\/schema\/logo\/image\/"}},{"@type":"Person","@id":"https:\/\/guzmantours.tplus.es\/#\/schema\/person\/2a910e58ac56d6111833ac0ea15cddb7","name":"admin","image":{"@type":"ImageObject","inLanguage":"es","@id":"https:\/\/secure.gravatar.com\/avatar\/44873c9d0d15ecfcfe316c9de7cef7cd2c1ee23db5c00f2b511fe09d91ba913d?s=96&d=mm&r=g","url":"https:\/\/secure.gravatar.com\/avatar\/44873c9d0d15ecfcfe316c9de7cef7cd2c1ee23db5c00f2b511fe09d91ba913d?s=96&d=mm&r=g","contentUrl":"https:\/\/secure.gravatar.com\/avatar\/44873c9d0d15ecfcfe316c9de7cef7cd2c1ee23db5c00f2b511fe09d91ba913d?s=96&d=mm&r=g","caption":"admin"},"sameAs":["https:\/\/guzmantours.tplus.es"],"url":"https:\/\/guzmantours.tplus.es\/index.php\/author\/admin\/"}]}},"_links":{"self":[{"href":"https:\/\/guzmantours.tplus.es\/index.php\/wp-json\/wp\/v2\/posts\/233","targetHints":{"allow":["GET"]}}],"collection":[{"href":"https:\/\/guzmantours.tplus.es\/index.php\/wp-json\/wp\/v2\/posts"}],"about":[{"href":"https:\/\/guzmantours.tplus.es\/index.php\/wp-json\/wp\/v2\/types\/post"}],"author":[{"embeddable":true,"href":"https:\/\/guzmantours.tplus.es\/index.php\/wp-json\/wp\/v2\/users\/1"}],"replies":[{"embeddable":true,"href":"https:\/\/guzmantours.tplus.es\/index.php\/wp-json\/wp\/v2\/comments?post=233"}],"version-history":[{"count":10,"href":"https:\/\/guzmantours.tplus.es\/index.php\/wp-json\/wp\/v2\/posts\/233\/revisions"}],"predecessor-version":[{"id":307,"href":"https:\/\/guzmantours.tplus.es\/index.php\/wp-json\/wp\/v2\/posts\/233\/revisions\/307"}],"wp:featuredmedia":[{"embeddable":true,"href":"https:\/\/guzmantours.tplus.es\/index.php\/wp-json\/wp\/v2\/media\/275"}],"wp:attachment":[{"href":"https:\/\/guzmantours.tplus.es\/index.php\/wp-json\/wp\/v2\/media?parent=233"}],"wp:term":[{"taxonomy":"category","embeddable":true,"href":"https:\/\/guzmantours.tplus.es\/index.php\/wp-json\/wp\/v2\/categories?post=233"},{"taxonomy":"post_tag","embeddable":true,"href":"https:\/\/guzmantours.tplus.es\/index.php\/wp-json\/wp\/v2\/tags?post=233"}],"curies":[{"name":"wp","href":"https:\/\/api.w.org\/{rel}","templated":true}]}}