{"id":222,"date":"2023-03-18T02:37:31","date_gmt":"2023-03-18T02:37:31","guid":{"rendered":"https:\/\/guzmantours.tplus.es\/?p=222"},"modified":"2023-03-30T16:51:13","modified_gmt":"2023-03-30T16:51:13","slug":"paris","status":"publish","type":"post","link":"https:\/\/guzmantours.tplus.es\/index.php\/2023\/03\/18\/paris\/","title":{"rendered":"Par\u00eds"},"content":{"rendered":"\n<p>Par\u00eds, es la capital de Francia, una de las ciudades europeas m\u00e1s importantes y centro mundial del arte, la moda, la gastronom\u00eda y la cultura. Cruzada por el r\u00edo Sena, la ciudad es conocida adem\u00e1s de por la Torre Eiffel y la Catedral de Notre Dame, por su cultura del caf\u00e9 y las tiendas de moda.<\/p>\n\n\n\n<p>Cuenta con una poblaci\u00f3n de algo m\u00e1s de dos milllones de personas. La ciudad del amor es un destino elegido por muchos turistas.<\/p>\n\n\n\n<p>Visitar la Torre Eiffel, el Arco del Triunfo, la catedral de Notre Dame, acudir al Moulin Rouge, o pasear por uno de los barrios m\u00e1s pintorescos de la ciudad como MontMartre o Montparnasse, son algunas de las experiencias que no te deber\u00edas perder.<\/p>\n\n\n\n<h3 class=\"wp-block-heading\">C\u00f3mo llegar<\/h3>\n\n\n\n<p><strong>El avi\u00f3n<\/strong> es uno de los medios m\u00e1s econ\u00f3micos y r\u00e1pidos de llegar a Par\u00eds desde cualquier punto del mundo. Los aeropuertos Charles de Gaulle, Orly o Beauvais son puntos de llegada a esta ciudad.<\/p>\n\n\n\n<p>El <strong>aeropuerto Charles de Gaulle<\/strong> es el principal aeropuerto de Par\u00eds y el segundo de Europa por pasajeros.<\/p>\n\n\n\n<figure class=\"wp-block-image size-large\"><img loading=\"lazy\" decoding=\"async\" width=\"933\" height=\"623\" src=\"https:\/\/guzmantours.tplus.es\/wp-content\/uploads\/2023\/03\/imagen-43-edited.png\" alt=\"aeropuerto Charles de Gaulle\" class=\"wp-image-446\" srcset=\"https:\/\/guzmantours.tplus.es\/wp-content\/uploads\/2023\/03\/imagen-43-edited.png 933w, https:\/\/guzmantours.tplus.es\/wp-content\/uploads\/2023\/03\/imagen-43-edited-300x200.png 300w, https:\/\/guzmantours.tplus.es\/wp-content\/uploads\/2023\/03\/imagen-43-edited-768x513.png 768w\" sizes=\"auto, (max-width: 933px) 100vw, 933px\" \/><figcaption class=\"wp-element-caption\">Aeropuerto Charles de Gaulle<\/figcaption><\/figure>\n\n\n\n<p><\/p>\n\n\n\n<p>El <strong>aeropuerto de Orly<\/strong> es el segundo m\u00e1s importante de Par\u00eds. Cada a\u00f1o recibe m\u00e1s de 32 millones de pasajeros.<\/p>\n\n\n\n<figure class=\"wp-block-image size-large\"><img loading=\"lazy\" decoding=\"async\" width=\"880\" height=\"588\" src=\"https:\/\/guzmantours.tplus.es\/wp-content\/uploads\/2023\/03\/imagen-44-edited.png\" alt=\"mapa aeropuerto de orly\" class=\"wp-image-449\" srcset=\"https:\/\/guzmantours.tplus.es\/wp-content\/uploads\/2023\/03\/imagen-44-edited.png 880w, https:\/\/guzmantours.tplus.es\/wp-content\/uploads\/2023\/03\/imagen-44-edited-300x200.png 300w, https:\/\/guzmantours.tplus.es\/wp-content\/uploads\/2023\/03\/imagen-44-edited-768x513.png 768w\" sizes=\"auto, (max-width: 880px) 100vw, 880px\" \/><figcaption class=\"wp-element-caption\">Aeropuerto de Orly<\/figcaption><\/figure>\n\n\n\n<p>El <strong>aeropuerto de Beauvais<\/strong> es un peque\u00f1o aeropuerto en Till\u00e9, localidad cerca de Beauvais, a 85 kil\u00f3metros al norte de Par\u00eds. Es el aeropuerto utilizado por las compa\u00f1\u00edas low cost.<\/p>\n\n\n\n<figure class=\"wp-block-image size-large\"><img loading=\"lazy\" decoding=\"async\" width=\"899\" height=\"601\" src=\"https:\/\/guzmantours.tplus.es\/wp-content\/uploads\/2023\/03\/imagen-45-edited.png\" alt=\"mapa aeropuerto de beauvais\n\" class=\"wp-image-451\" srcset=\"https:\/\/guzmantours.tplus.es\/wp-content\/uploads\/2023\/03\/imagen-45-edited.png 899w, https:\/\/guzmantours.tplus.es\/wp-content\/uploads\/2023\/03\/imagen-45-edited-300x201.png 300w, https:\/\/guzmantours.tplus.es\/wp-content\/uploads\/2023\/03\/imagen-45-edited-768x513.png 768w\" sizes=\"auto, (max-width: 899px) 100vw, 899px\" \/><figcaption class=\"wp-element-caption\">Aeropuerto de Beauvais<\/figcaption><\/figure>\n\n\n\n<div class=\"wp-block-travelpayouts-shortcodes\"><div class=\"travel tp-widget-table-container tp-widget-table-flights default-theme\">\n\n\n<div class=\"tp-widget-table-grid\"><table class=\"tp-widget-table\" data-options=\"{&quot;showPagination&quot;:true,&quot;pageSize&quot;:10,&quot;sortBy&quot;:1,&quot;sortOrder&quot;:&quot;asc&quot;}\"><thead>\n<tr><th class=\"hidden\" data-priority=\"-9\">Origen<\/th><th class=\"hidden\" data-priority=\"-7\">Salida el<\/th><th class=\"hidden\" data-priority=\"-8\">Regreso el<\/th><th class=\"hidden button-content\" data-priority=\"-100\">Encontrar billetes<\/th><\/tr>\n<\/thead>\n<tbody>\n<tr data-key=\"0\"><td class=\"tp-widget-table-cell tp-widget-table-cell-origin tp-break-normal\" data-label=\"Origen\" data-order=\"Milan\">Milan<\/td><td class=\"tp-widget-table-cell tp-widget-table-cell-depart-date tp-whitespace-nowrap\" data-label=\"Salida el\" data-order=\"1780963200\">9 junio 2026<\/td><td class=\"tp-widget-table-cell tp-widget-table-cell-return-date tp-whitespace-nowrap\" data-label=\"Regreso el\" data-order=\"1781049600\">10 junio 2026<\/td><td class=\"button-content tp-widget-table-cell tp-widget-table-cell-button\" data-label=\"Encontrar billetes\" data-order=\"32\"><a href=\"https:\/\/guzmantours.tplus.es\/?travelpayouts_redirect=https%253A%252F%252Ftp.media%252Fr%253Fp%253D4462%2526marker%253D412602.toCity_tp_in_our_city_fly_shortcodes.%25252469%2526u%253Dhttps%25253A%25252F%25252Fguzmantours.tplus.es%25252Ffligths%25253Forigin_iata%25253DMIL%252526destination_iata%25253DPAR%252526currency%25253DEUR%252526locale%25253Des-ES%252526depart_date%25253D2026-06-09%252526return_date%25253D2026-06-10%252526with_request%25253Dtrue%252526trs%25253D219913\" target=\"_blank\" rel=\"nofollow\" class=\"travelpayouts-table-button\">Billetes desde 32 <span class=\"currency_font\"><i class=\"currency_font--eur\"><\/i><\/span><\/a><\/td><\/tr>\n<tr data-key=\"1\"><td class=\"tp-widget-table-cell tp-widget-table-cell-origin tp-break-normal\" data-label=\"Origen\" data-order=\"Iasi\">Iasi<\/td><td class=\"tp-widget-table-cell tp-widget-table-cell-depart-date tp-whitespace-nowrap\" data-label=\"Salida el\" data-order=\"1780876800\">8 junio 2026<\/td><td class=\"tp-widget-table-cell tp-widget-table-cell-return-date tp-whitespace-nowrap\" data-label=\"Regreso el\" data-order=\"1781222400\">12 junio 2026<\/td><td class=\"button-content tp-widget-table-cell tp-widget-table-cell-button\" data-label=\"Encontrar billetes\" data-order=\"34\"><a href=\"https:\/\/guzmantours.tplus.es\/?travelpayouts_redirect=https%253A%252F%252Ftp.media%252Fr%253Fp%253D4462%2526marker%253D412602.toCity_tp_in_our_city_fly_shortcodes.%25252469%2526u%253Dhttps%25253A%25252F%25252Fguzmantours.tplus.es%25252Ffligths%25253Forigin_iata%25253DIAS%252526destination_iata%25253DPAR%252526currency%25253DEUR%252526locale%25253Des-ES%252526depart_date%25253D2026-06-08%252526return_date%25253D2026-06-12%252526with_request%25253Dtrue%252526trs%25253D219913\" target=\"_blank\" rel=\"nofollow\" class=\"travelpayouts-table-button\">Billetes desde 34 <span class=\"currency_font\"><i class=\"currency_font--eur\"><\/i><\/span><\/a><\/td><\/tr>\n<tr data-key=\"2\"><td class=\"tp-widget-table-cell tp-widget-table-cell-origin tp-break-normal\" data-label=\"Origen\" data-order=\"Birmingham\">Birmingham<\/td><td class=\"tp-widget-table-cell tp-widget-table-cell-depart-date tp-whitespace-nowrap\" data-label=\"Salida el\" data-order=\"1778371200\">10 mayo 2026<\/td><td class=\"tp-widget-table-cell tp-widget-table-cell-return-date tp-whitespace-nowrap\" data-label=\"Regreso el\" data-order=\"1778803200\">15 mayo 2026<\/td><td class=\"button-content tp-widget-table-cell tp-widget-table-cell-button\" data-label=\"Encontrar billetes\" data-order=\"34\"><a href=\"https:\/\/guzmantours.tplus.es\/?travelpayouts_redirect=https%253A%252F%252Ftp.media%252Fr%253Fp%253D4462%2526marker%253D412602.toCity_tp_in_our_city_fly_shortcodes.%25252469%2526u%253Dhttps%25253A%25252F%25252Fguzmantours.tplus.es%25252Ffligths%25253Forigin_iata%25253DBHX%252526destination_iata%25253DPAR%252526currency%25253DEUR%252526locale%25253Des-ES%252526depart_date%25253D2026-05-10%252526return_date%25253D2026-05-15%252526with_request%25253Dtrue%252526trs%25253D219913\" target=\"_blank\" rel=\"nofollow\" class=\"travelpayouts-table-button\">Billetes desde 34 <span class=\"currency_font\"><i class=\"currency_font--eur\"><\/i><\/span><\/a><\/td><\/tr>\n<tr data-key=\"3\"><td class=\"tp-widget-table-cell tp-widget-table-cell-origin tp-break-normal\" data-label=\"Origen\" data-order=\"Manchester\">Manchester<\/td><td class=\"tp-widget-table-cell tp-widget-table-cell-depart-date tp-whitespace-nowrap\" data-label=\"Salida el\" data-order=\"1777939200\">5 mayo 2026<\/td><td class=\"tp-widget-table-cell tp-widget-table-cell-return-date tp-whitespace-nowrap\" data-label=\"Regreso el\" data-order=\"1778112000\">7 mayo 2026<\/td><td class=\"button-content tp-widget-table-cell tp-widget-table-cell-button\" data-label=\"Encontrar billetes\" data-order=\"36\"><a href=\"https:\/\/guzmantours.tplus.es\/?travelpayouts_redirect=https%253A%252F%252Ftp.media%252Fr%253Fp%253D4462%2526marker%253D412602.toCity_tp_in_our_city_fly_shortcodes.%25252469%2526u%253Dhttps%25253A%25252F%25252Fguzmantours.tplus.es%25252Ffligths%25253Forigin_iata%25253DMAN%252526destination_iata%25253DPAR%252526currency%25253DEUR%252526locale%25253Des-ES%252526depart_date%25253D2026-05-05%252526return_date%25253D2026-05-07%252526with_request%25253Dtrue%252526trs%25253D219913\" target=\"_blank\" rel=\"nofollow\" class=\"travelpayouts-table-button\">Billetes desde 36 <span class=\"currency_font\"><i class=\"currency_font--eur\"><\/i><\/span><\/a><\/td><\/tr>\n<tr data-key=\"4\"><td class=\"tp-widget-table-cell tp-widget-table-cell-origin tp-break-normal\" data-label=\"Origen\" data-order=\"Pisa\">Pisa<\/td><td class=\"tp-widget-table-cell tp-widget-table-cell-depart-date tp-whitespace-nowrap\" data-label=\"Salida el\" data-order=\"1780617600\">5 junio 2026<\/td><td class=\"tp-widget-table-cell tp-widget-table-cell-return-date tp-whitespace-nowrap\" data-label=\"Regreso el\" data-order=\"1780790400\">7 junio 2026<\/td><td class=\"button-content tp-widget-table-cell tp-widget-table-cell-button\" data-label=\"Encontrar billetes\" data-order=\"38\"><a href=\"https:\/\/guzmantours.tplus.es\/?travelpayouts_redirect=https%253A%252F%252Ftp.media%252Fr%253Fp%253D4462%2526marker%253D412602.toCity_tp_in_our_city_fly_shortcodes.%25252469%2526u%253Dhttps%25253A%25252F%25252Fguzmantours.tplus.es%25252Ffligths%25253Forigin_iata%25253DPSA%252526destination_iata%25253DPAR%252526currency%25253DEUR%252526locale%25253Des-ES%252526depart_date%25253D2026-06-05%252526return_date%25253D2026-06-07%252526with_request%25253Dtrue%252526trs%25253D219913\" target=\"_blank\" rel=\"nofollow\" class=\"travelpayouts-table-button\">Billetes desde 38 <span class=\"currency_font\"><i class=\"currency_font--eur\"><\/i><\/span><\/a><\/td><\/tr>\n<tr data-key=\"5\"><td class=\"tp-widget-table-cell tp-widget-table-cell-origin tp-break-normal\" data-label=\"Origen\" data-order=\"Catania\">Catania<\/td><td class=\"tp-widget-table-cell tp-widget-table-cell-depart-date tp-whitespace-nowrap\" data-label=\"Salida el\" data-order=\"1780963200\">9 junio 2026<\/td><td class=\"tp-widget-table-cell tp-widget-table-cell-return-date tp-whitespace-nowrap\" data-label=\"Regreso el\" data-order=\"1781308800\">13 junio 2026<\/td><td class=\"button-content tp-widget-table-cell tp-widget-table-cell-button\" data-label=\"Encontrar billetes\" data-order=\"40\"><a href=\"https:\/\/guzmantours.tplus.es\/?travelpayouts_redirect=https%253A%252F%252Ftp.media%252Fr%253Fp%253D4462%2526marker%253D412602.toCity_tp_in_our_city_fly_shortcodes.%25252469%2526u%253Dhttps%25253A%25252F%25252Fguzmantours.tplus.es%25252Ffligths%25253Forigin_iata%25253DCTA%252526destination_iata%25253DPAR%252526currency%25253DEUR%252526locale%25253Des-ES%252526depart_date%25253D2026-06-09%252526return_date%25253D2026-06-13%252526with_request%25253Dtrue%252526trs%25253D219913\" target=\"_blank\" rel=\"nofollow\" class=\"travelpayouts-table-button\">Billetes desde 40 <span class=\"currency_font\"><i class=\"currency_font--eur\"><\/i><\/span><\/a><\/td><\/tr>\n<tr data-key=\"6\"><td class=\"tp-widget-table-cell tp-widget-table-cell-origin tp-break-normal\" data-label=\"Origen\" data-order=\"Barcelona\">Barcelona<\/td><td class=\"tp-widget-table-cell tp-widget-table-cell-depart-date tp-whitespace-nowrap\" data-label=\"Salida el\" data-order=\"1781654400\">17 junio 2026<\/td><td class=\"tp-widget-table-cell tp-widget-table-cell-return-date tp-whitespace-nowrap\" data-label=\"Regreso el\" data-order=\"1782259200\">24 junio 2026<\/td><td class=\"button-content tp-widget-table-cell tp-widget-table-cell-button\" data-label=\"Encontrar billetes\" data-order=\"42\"><a href=\"https:\/\/guzmantours.tplus.es\/?travelpayouts_redirect=https%253A%252F%252Ftp.media%252Fr%253Fp%253D4462%2526marker%253D412602.toCity_tp_in_our_city_fly_shortcodes.%25252469%2526u%253Dhttps%25253A%25252F%25252Fguzmantours.tplus.es%25252Ffligths%25253Forigin_iata%25253DBCN%252526destination_iata%25253DPAR%252526currency%25253DEUR%252526locale%25253Des-ES%252526depart_date%25253D2026-06-17%252526return_date%25253D2026-06-24%252526with_request%25253Dtrue%252526trs%25253D219913\" target=\"_blank\" rel=\"nofollow\" class=\"travelpayouts-table-button\">Billetes desde 42 <span class=\"currency_font\"><i class=\"currency_font--eur\"><\/i><\/span><\/a><\/td><\/tr>\n<tr data-key=\"7\"><td class=\"tp-widget-table-cell tp-widget-table-cell-origin tp-break-normal\" data-label=\"Origen\" data-order=\"Cluj\">Cluj<\/td><td class=\"tp-widget-table-cell tp-widget-table-cell-depart-date tp-whitespace-nowrap\" data-label=\"Salida el\" data-order=\"1779753600\">26 mayo 2026<\/td><td class=\"tp-widget-table-cell tp-widget-table-cell-return-date tp-whitespace-nowrap\" data-label=\"Regreso el\" data-order=\"1779840000\">27 mayo 2026<\/td><td class=\"button-content tp-widget-table-cell tp-widget-table-cell-button\" data-label=\"Encontrar billetes\" data-order=\"43\"><a href=\"https:\/\/guzmantours.tplus.es\/?travelpayouts_redirect=https%253A%252F%252Ftp.media%252Fr%253Fp%253D4462%2526marker%253D412602.toCity_tp_in_our_city_fly_shortcodes.%25252469%2526u%253Dhttps%25253A%25252F%25252Fguzmantours.tplus.es%25252Ffligths%25253Forigin_iata%25253DCLJ%252526destination_iata%25253DPAR%252526currency%25253DEUR%252526locale%25253Des-ES%252526depart_date%25253D2026-05-26%252526return_date%25253D2026-05-27%252526with_request%25253Dtrue%252526trs%25253D219913\" target=\"_blank\" rel=\"nofollow\" class=\"travelpayouts-table-button\">Billetes desde 43 <span class=\"currency_font\"><i class=\"currency_font--eur\"><\/i><\/span><\/a><\/td><\/tr>\n<tr data-key=\"8\"><td class=\"tp-widget-table-cell tp-widget-table-cell-origin tp-break-normal\" data-label=\"Origen\" data-order=\"Girona\">Girona<\/td><td class=\"tp-widget-table-cell tp-widget-table-cell-depart-date tp-whitespace-nowrap\" data-label=\"Salida el\" data-order=\"1780531200\">4 junio 2026<\/td><td class=\"tp-widget-table-cell tp-widget-table-cell-return-date tp-whitespace-nowrap\" data-label=\"Regreso el\" data-order=\"1780790400\">7 junio 2026<\/td><td class=\"button-content tp-widget-table-cell tp-widget-table-cell-button\" data-label=\"Encontrar billetes\" data-order=\"44\"><a href=\"https:\/\/guzmantours.tplus.es\/?travelpayouts_redirect=https%253A%252F%252Ftp.media%252Fr%253Fp%253D4462%2526marker%253D412602.toCity_tp_in_our_city_fly_shortcodes.%25252469%2526u%253Dhttps%25253A%25252F%25252Fguzmantours.tplus.es%25252Ffligths%25253Forigin_iata%25253DGRO%252526destination_iata%25253DPAR%252526currency%25253DEUR%252526locale%25253Des-ES%252526depart_date%25253D2026-06-04%252526return_date%25253D2026-06-07%252526with_request%25253Dtrue%252526trs%25253D219913\" target=\"_blank\" rel=\"nofollow\" class=\"travelpayouts-table-button\">Billetes desde 44 <span class=\"currency_font\"><i class=\"currency_font--eur\"><\/i><\/span><\/a><\/td><\/tr>\n<tr data-key=\"9\"><td class=\"tp-widget-table-cell tp-widget-table-cell-origin tp-break-normal\" data-label=\"Origen\" data-order=\"Wroclaw\">Wroclaw<\/td><td class=\"tp-widget-table-cell tp-widget-table-cell-depart-date tp-whitespace-nowrap\" data-label=\"Salida el\" data-order=\"1779062400\">18 mayo 2026<\/td><td class=\"tp-widget-table-cell tp-widget-table-cell-return-date tp-whitespace-nowrap\" data-label=\"Regreso el\" data-order=\"1779235200\">20 mayo 2026<\/td><td class=\"button-content tp-widget-table-cell tp-widget-table-cell-button\" data-label=\"Encontrar billetes\" data-order=\"46\"><a href=\"https:\/\/guzmantours.tplus.es\/?travelpayouts_redirect=https%253A%252F%252Ftp.media%252Fr%253Fp%253D4462%2526marker%253D412602.toCity_tp_in_our_city_fly_shortcodes.%25252469%2526u%253Dhttps%25253A%25252F%25252Fguzmantours.tplus.es%25252Ffligths%25253Forigin_iata%25253DWRO%252526destination_iata%25253DPAR%252526currency%25253DEUR%252526locale%25253Des-ES%252526depart_date%25253D2026-05-18%252526return_date%25253D2026-05-20%252526with_request%25253Dtrue%252526trs%25253D219913\" target=\"_blank\" rel=\"nofollow\" class=\"travelpayouts-table-button\">Billetes desde 46 <span class=\"currency_font\"><i class=\"currency_font--eur\"><\/i><\/span><\/a><\/td><\/tr>\n<\/tbody><\/table><\/div><\/div><\/div>\n\n\n\n<p>El medio m\u00e1s econ\u00f3mico para llegar desde cualquier aeropuerto a Par\u00eds es el <a href=\"https:\/\/www.ratp.fr\/en\/visite-paris\/espanol\/visitar-paris-y-sus-alrededores\">tren RER<\/a>.<img decoding=\"async\" class=\"fotorama__img\" style=\"width: 1226.14px; height: 819px; left: 346.929px; top: 0px;\" src=\"https:\/\/cdn.civitatis.com\/francia\/paris\/galeria\/plano-rer-paris.png?_ga=2.35733923.284920562.1680027291-1801076781.1680027290\"><\/p>\n\n\n\n<p>La red RER de Par\u00eds cuenta con cinco l\u00edneas con m\u00e1s de 250 estaciones y 600 kilometros de v\u00edas. Las l\u00edneas se nombran con letras: A, B, C, D y E.<\/p>\n\n\n\n<p>Las m\u00e1s utilizadas son:<\/p>\n\n\n\n<ul class=\"wp-block-list\">\n<li>RER A: que comunica Disneyland Par\u00eds con el centro de la ciudad<\/li>\n\n\n\n<li>RER B: que comunica el Aeropuerto Charles de Gaulle con el centro de la ciudad<\/li>\n\n\n\n<li>RER C: que comunica el Aeropuerto Orly y al Castillo de Versalles.<\/li>\n<\/ul>\n\n\n\n<p>Visita la p\u00e1gina oficial de <a href=\"https:\/\/www.ratp.fr\/en\/visite-paris\/espanol\/visitar-paris-y-sus-alrededores\">RER<\/a> para consultar los <a href=\"https:\/\/www.ratp.fr\/en\/visite-paris\/espanol\/prepare-su-estancia-en-paris-horarios\">horarios<\/a> y <a href=\"https:\/\/www.ratp.fr\/en\/visite-paris\/espanol\/prepare-su-estancia-abonos-y-billetes-a-su-medida\">tarifas<\/a>.<\/p>\n\n\n\n<p><\/p>\n\n\n\n<h3 class=\"wp-block-heading\">Mapa tur\u00edstico<\/h3>\n\n\n\n<figure class=\"wp-block-image size-large\"><img loading=\"lazy\" decoding=\"async\" width=\"1024\" height=\"746\" src=\"https:\/\/guzmantours.tplus.es\/wp-content\/uploads\/2023\/03\/imagen-40-1024x746.png\" alt=\"mapa turistico paris\" class=\"wp-image-429\" srcset=\"https:\/\/guzmantours.tplus.es\/wp-content\/uploads\/2023\/03\/imagen-40-1024x746.png 1024w, https:\/\/guzmantours.tplus.es\/wp-content\/uploads\/2023\/03\/imagen-40-300x219.png 300w, https:\/\/guzmantours.tplus.es\/wp-content\/uploads\/2023\/03\/imagen-40-768x560.png 768w, https:\/\/guzmantours.tplus.es\/wp-content\/uploads\/2023\/03\/imagen-40.png 1120w\" sizes=\"auto, (max-width: 1024px) 100vw, 1024px\" \/><\/figure>\n\n\n\n<figure class=\"wp-block-image size-large\"><img loading=\"lazy\" decoding=\"async\" width=\"1024\" height=\"776\" src=\"https:\/\/guzmantours.tplus.es\/wp-content\/uploads\/2023\/03\/imagen-41-1024x776.png\" alt=\"mapa turistico paris\" class=\"wp-image-430\" srcset=\"https:\/\/guzmantours.tplus.es\/wp-content\/uploads\/2023\/03\/imagen-41-1024x776.png 1024w, https:\/\/guzmantours.tplus.es\/wp-content\/uploads\/2023\/03\/imagen-41-300x227.png 300w, https:\/\/guzmantours.tplus.es\/wp-content\/uploads\/2023\/03\/imagen-41-768x582.png 768w, https:\/\/guzmantours.tplus.es\/wp-content\/uploads\/2023\/03\/imagen-41.png 1120w\" sizes=\"auto, (max-width: 1024px) 100vw, 1024px\" \/><\/figure>\n\n\n\n<h3 class=\"wp-block-heading\">No te puedes perder&#8230;<\/h3>\n\n\n\n<p>Par\u00eds te seducir\u00e1 con su encanto y su belleza. Entre las muchas cosas que puedes hacer no te debes perder:<\/p>\n\n\n\n<p><\/p>\n\n\n\n<div class=\"wp-block-media-text is-stacked-on-mobile\" style=\"margin-top:0;margin-right:0;margin-bottom:0;margin-left:0;padding-top:0;padding-right:0;padding-bottom:0;padding-left:0\"><figure class=\"wp-block-media-text__media\"><img loading=\"lazy\" decoding=\"async\" width=\"244\" height=\"175\" src=\"https:\/\/guzmantours.tplus.es\/wp-content\/uploads\/2023\/03\/imagen-46.png\" alt=\"\" class=\"wp-image-473 size-full\"\/><\/figure><div class=\"wp-block-media-text__content\">\n<h4 class=\"wp-block-heading\"><strong>El Museo del Louvre<\/strong><\/h4>\n\n\n\n<p class=\"has-extra-small-font-size\">Es el m\u00e1s importante de Francia y uno de los m\u00e1s visitados en el mundo. Cada a\u00f1o recibe a m\u00e1s de ocho millones de visitantes.<\/p>\n\n\n\n<p class=\"has-extra-small-font-size\">Cuenta con casi 300.000 obras anteriores a 1948, de las que se exponen unas 35.000.<\/p>\n\n\n\n<p class=\"has-extra-small-font-size\">Es necesario dedicar al menos una ma\u00f1ana completa para recorrerlo.<\/p>\n\n\n\n<p class=\"has-extra-small-font-size\"><strong>HORARIO: Todos los d\u00edas de 09:00 a 18:00 horas.<br>Viernes de 09:00 a 21:45<br>Martes: Cerrado<\/strong><\/p>\n\n\n\n<p class=\"has-extra-small-font-size\"><strong>Precio: Adulto 17\u20ac<br>Menores de 18 a\u00f1os gratis<\/strong><\/p>\n\n\n\n<p><a href=\"https:\/\/www.louvre.fr\/es\">P\u00e1gina Oficial<\/a><\/p>\n<\/div><\/div>\n\n\n\n<div data-vi-partner-id=U00268156 data-vi-language=es data-vi-currency=EUR data-vi-partner-type=\"AGENT\" data-vi-url=\"356626P1,239922P20,239343P39\"   data-vi-widget-ref=W-1f612ce9-5ef0-4d54-b7b7-183f0b8266da ><\/div>\n<script async src=\"https:\/\/www.viator.com\/orion\/partner\/widget.js\"><\/script>\n\n\n\n<p><\/p>\n\n\n\n<div class=\"wp-block-media-text is-stacked-on-mobile\"><figure class=\"wp-block-media-text__media\"><img loading=\"lazy\" decoding=\"async\" width=\"472\" height=\"280\" src=\"https:\/\/guzmantours.tplus.es\/wp-content\/uploads\/2023\/03\/imagen-47.png\" alt=\"\" class=\"wp-image-478 size-full\" srcset=\"https:\/\/guzmantours.tplus.es\/wp-content\/uploads\/2023\/03\/imagen-47.png 472w, https:\/\/guzmantours.tplus.es\/wp-content\/uploads\/2023\/03\/imagen-47-300x178.png 300w\" sizes=\"auto, (max-width: 472px) 100vw, 472px\" \/><\/figure><div class=\"wp-block-media-text__content\">\n<h4 class=\"wp-block-heading\">R\u00edo Sena<\/h4>\n\n\n\n<p class=\"has-extra-small-font-size\">Cruza Par\u00eds desde Notre Dame pasando por la Torre Eiffel. No puedes perderte una traves\u00eda en barco que te mostrar\u00e1n Par\u00eds desde otro punto de vista.<br>Hay 37 puentes que conectan la margen norte (derecha) y la margen sur (izquierda), cinco de ellos peatonales. Muchos de ellos son verdaderas obras de arte.<\/p>\n\n\n\n<p class=\"has-extra-small-font-size\">Reserva tu crucero por el Sena con nosotros.<\/p>\n\n\n\n<p><\/p>\n<\/div><\/div>\n\n\n\n<div data-vi-partner-id=U00268156 data-vi-language=es data-vi-currency=EUR data-vi-partner-type=\"AGENT\" data-vi-url=\"2050_PC,284316P34,284316P28\"   data-vi-widget-ref=W-e339c150-2439-4318-9d0e-37f93a2f0c88 ><\/div>\n<script async src=\"https:\/\/www.viator.com\/orion\/partner\/widget.js\"><\/script>\n\n\n\n<div class=\"wp-block-media-text is-stacked-on-mobile\"><figure class=\"wp-block-media-text__media\"><img loading=\"lazy\" decoding=\"async\" width=\"680\" height=\"453\" src=\"https:\/\/guzmantours.tplus.es\/wp-content\/uploads\/2023\/03\/imagen-48.png\" alt=\"\" class=\"wp-image-482 size-full\" srcset=\"https:\/\/guzmantours.tplus.es\/wp-content\/uploads\/2023\/03\/imagen-48.png 680w, https:\/\/guzmantours.tplus.es\/wp-content\/uploads\/2023\/03\/imagen-48-300x200.png 300w\" sizes=\"auto, (max-width: 680px) 100vw, 680px\" \/><\/figure><div class=\"wp-block-media-text__content\">\n<h4 class=\"wp-block-heading\">Palacio de Versalles<\/h4>\n\n\n\n<p class=\"has-extra-small-font-size\">Declarado Patrimonio de la Humanidad por la UNESCO es uno de los palacios m\u00e1s conocidos mundialmente, no solo por su imponente arquitectura y sus interminables jardines, sino porque forma parte importante de la historia de Francia.<\/p>\n\n\n\n<p class=\"has-extra-small-font-size\">Se puede visitar el palacio y los jardines. <\/p>\n\n\n\n<p class=\"has-extra-small-font-size\">El palacio cuenta con infinidad de estancias y de especial importancia la Galer\u00eda de los espejos, una estancia de 73 metros con 375 espejos.<\/p>\n\n\n\n<p class=\"has-extra-small-font-size\">Los impresionantes jardines cuentan con una extensi\u00f3n de 800 hect\u00e1reas con gran cantidad de estatuas de m\u00e1rmol, estanques y fuentes.<\/p>\n\n\n\n<p class=\"has-extra-small-font-size\"><strong>Horario: del 1 de abril hasta el 31 de octubre<br>Palacio de martes a domingo de 09:: a 18:30<br>Jardines todos los d\u00edas de 08:00 a 20:30<\/strong><\/p>\n\n\n\n<p class=\"has-extra-small-font-size\"><strong>Del 1 de noviembre hasta el 31 de marzo<\/strong><\/p>\n\n\n\n<p class=\"has-extra-small-font-size\"><strong>Palacio de martes a domingo de 09:00 a 17:30<br>Jardines todos los d\u00edas de 08:00 a 18:00<\/strong><\/p>\n\n\n\n<p class=\"has-extra-small-font-size\"><strong>Precio: Adultos 20\u20ac (incluye palacio, exhibiciones temporales, jardines y galer\u00eda)<br>Menores de 18 a\u00f1os gratis.<br>Entre Noviembre y Marzo el primer domingo del mes entrada gratuita<\/strong><\/p>\n<\/div><\/div>\n\n\n\n<p><\/p>\n\n\n\n<div data-vi-partner-id=U00268156 data-vi-language=es data-vi-currency=EUR data-vi-partner-type=\"AGENT\" data-vi-url=\"392203P2,7832P196,5460VERSAILLES\"   data-vi-widget-ref=W-035e59a1-41b6-437f-b370-09a1bdf4f198 ><\/div>\n<script async src=\"https:\/\/www.viator.com\/orion\/partner\/widget.js\"><\/script>\n\n\n\n<div class=\"wp-block-media-text is-stacked-on-mobile\" style=\"grid-template-columns:37% auto\"><figure class=\"wp-block-media-text__media\"><img loading=\"lazy\" decoding=\"async\" width=\"203\" height=\"306\" src=\"https:\/\/guzmantours.tplus.es\/wp-content\/uploads\/2023\/03\/imagen-49.png\" alt=\"\" class=\"wp-image-486 size-full\" srcset=\"https:\/\/guzmantours.tplus.es\/wp-content\/uploads\/2023\/03\/imagen-49.png 203w, https:\/\/guzmantours.tplus.es\/wp-content\/uploads\/2023\/03\/imagen-49-199x300.png 199w\" sizes=\"auto, (max-width: 203px) 100vw, 203px\" \/><\/figure><div class=\"wp-block-media-text__content\">\n<h4 class=\"wp-block-heading\">Torre Eiffel<\/h4>\n\n\n\n<p class=\"has-extra-small-font-size\">La <a href=\"https:\/\/guzmantours.tplus.es\/index.php\/2023\/03\/20\/la-torre-eiffel\/\">Torrre Eiffel <\/a>es una construcci\u00f3n de hierro de 300 metros de altura que fue creada para la Exposici\u00f3n Universal de Par\u00eds de 1889 y que actualmente constituye el s\u00edmbolo m\u00e1s representativo de Par\u00eds.<\/p>\n\n\n\n<p class=\"has-extra-small-font-size\"><strong>Horario: Del 14 de junio hasta el 31 de agosto de 09:00 a 00:45<br>Resto del a\u00f1o de 09:30 a 23:45<\/strong><\/p>\n\n\n\n<p class=\"has-extra-small-font-size\"><strong>Precio:<\/strong><\/p>\n\n\n\n<p class=\"has-extra-small-font-size\"><strong>Adultos:<br>Ascensor a la segunda planta: 17,10 \u20ac<br>Ascensor a la cima: 26,80 \u20ac<br>Escaleras a la segunda planta: 10,70 \u20ac<br>Escaleras + ascensor: 20,40 \u20ac<\/strong><\/p>\n\n\n\n<p class=\"has-extra-small-font-size\"><strong>J\u00f3venes entre 12 y 24 a\u00f1os:<br>Ascensor a la segunda planta: 8,60 \u20ac<br>Ascensor a la cima: 13,40 \u20ac<br>Escaleras a la segunda planta: 5,40 \u20ac<br>Escaleras + ascensor: 10,20 \u20ac<\/strong><\/p>\n\n\n\n<p class=\"has-extra-small-font-size\"><strong>Ni\u00f1os entre 4 y 11 a\u00f1os:<br>Ascensor a la segunda planta: 4,30 \u20ac<br>Ascensor a la cima: 6,70 \u20ac<br>Escaleras a la segunda planta:\u00a02,70 \u20ac<br>Escaleras + ascensor: 5,10 \u20ac<\/strong><\/p>\n\n\n\n<p class=\"has-extra-small-font-size\"><strong>Menores de 4 a\u00f1os: Entrada gratuita.<\/strong><\/p>\n<\/div><\/div>\n\n\n\n<div data-vi-partner-id=U00268156 data-vi-language=es data-vi-currency=EUR data-vi-partner-type=\"AGENT\" data-vi-url=\"9205P2,3588EIFFELTOWER\"   data-vi-widget-ref=W-0b803252-5744-49ba-8ead-2b5826bcbff5 ><\/div>\n<script async src=\"https:\/\/www.viator.com\/orion\/partner\/widget.js\"><\/script>\n\n\n\n<p><\/p>\n\n\n\n<div class=\"wp-block-media-text is-stacked-on-mobile\" style=\"grid-template-columns:36% auto\"><figure class=\"wp-block-media-text__media\"><img loading=\"lazy\" decoding=\"async\" width=\"269\" height=\"180\" src=\"https:\/\/guzmantours.tplus.es\/wp-content\/uploads\/2023\/03\/imagen-50.png\" alt=\"\" class=\"wp-image-489 size-full\"\/><\/figure><div class=\"wp-block-media-text__content\">\n<h4 class=\"wp-block-heading\">Arco del Triunfo<\/h4>\n\n\n\n<p class=\"has-extra-small-font-size\">El <a href=\"https:\/\/www.paris-arc-de-triomphe.fr\/es\/\">Arco del triunfo <\/a>es uno de los s\u00edmbolos m\u00e1s famosos de Par\u00eds que representa la victoria del ej\u00e9rcito fr\u00e1nces bajo las \u00f3rdenes de Napole\u00f3n que orden\u00f3 su construcci\u00f3n.<\/p>\n\n\n\n<p class=\"has-extra-small-font-size\">Con unas dimensiones de 50 metros de alto y una base de 45 por 22 metros.<\/p>\n\n\n\n<p class=\"has-extra-small-font-size\">Ubicada en la Plaza Charles de Gaulle se accede a trav\u00e9s de los campos Eliseos.<\/p>\n\n\n\n<p class=\"has-extra-small-font-size\"><strong>Horario: desde el 2 de enero hasta el 31 de marzo de 10:00 a 22:30<br>del 1 de abril hasta el 30 de septiembre de 10:00 a 23:00<br>del 1 de octubre al 31 de diciembre de 10:00 a 22:30<\/strong><\/p>\n\n\n\n<p class=\"has-extra-small-font-size\"><strong>Precio:<br>Adulto 13\u20ac<br>Menores de 18 a\u00f1os gratis<\/strong><\/p>\n<\/div><\/div>\n\n\n\n<div data-vi-partner-id=U00268156 data-vi-language=es data-vi-currency=EUR data-vi-partner-type=\"AGENT\" data-vi-url=\"380875P6,7832P70,31070P167\"   data-vi-widget-ref=W-3be19cfd-f351-460c-b113-be696b3c614d ><\/div>\n<script async src=\"https:\/\/www.viator.com\/orion\/partner\/widget.js\"><\/script>\n\n\n\n<p><\/p>\n\n\n\n<div class=\"wp-block-media-text is-stacked-on-mobile\" style=\"grid-template-columns:34% auto\"><figure class=\"wp-block-media-text__media\"><img loading=\"lazy\" decoding=\"async\" width=\"169\" height=\"180\" src=\"https:\/\/guzmantours.tplus.es\/wp-content\/uploads\/2023\/03\/imagen-51.png\" alt=\"\" class=\"wp-image-492 size-full\"\/><\/figure><div class=\"wp-block-media-text__content\">\n<h4 class=\"wp-block-heading\">La Bas\u00edlica del Sagrado Coraz\u00f3n y MontMartre<\/h4>\n\n\n\n<p class=\"has-extra-small-font-size\">La bas\u00edlica del Sagrado Coraz\u00f3n (Sacre Coeur) es uno de los lugares sagrados m\u00e1s importantes de Par\u00eds. Situada en lo alto de Montmartre, una colina de 130 metros de altura desde donde se contemplan una vistas magn\u00edficas de Par\u00eds.<\/p>\n\n\n\n<p class=\"has-extra-small-font-size\"><strong>Horario: Todos los d\u00edas de 06:00 a 22:00<\/strong><\/p>\n\n\n\n<p class=\"has-extra-small-font-size\"><strong>Precio: Entrada gratuita<\/strong><\/p>\n<\/div><\/div>\n\n\n\n<p><\/p>\n\n\n\n<div class=\"wp-block-media-text is-stacked-on-mobile\" style=\"grid-template-columns:38% auto\"><figure class=\"wp-block-media-text__media\"><img loading=\"lazy\" decoding=\"async\" width=\"250\" height=\"188\" src=\"https:\/\/guzmantours.tplus.es\/wp-content\/uploads\/2023\/03\/imagen-52.png\" alt=\"\" class=\"wp-image-494 size-full\"\/><\/figure><div class=\"wp-block-media-text__content\">\n<h4 class=\"wp-block-heading\">Notre Dame<\/h4>\n\n\n\n<p class=\"has-extra-small-font-size\">La Catedral de Notre Dame de Par\u00eds es una de las catedrales g\u00f3ticas m\u00e1s antiguas del mundo. <\/p>\n\n\n\n<p class=\"has-extra-small-font-size\">En la actualidad debido a los graves incendios del 2019, la catedral permanece cerrada al p\u00fablico hasta su reconstrucci\u00f3n.<\/p>\n<\/div><\/div>\n\n\n\n<p><\/p>\n\n\n\n<div class=\"wp-block-media-text is-stacked-on-mobile\" style=\"grid-template-columns:40% auto\"><figure class=\"wp-block-media-text__media\"><img loading=\"lazy\" decoding=\"async\" width=\"259\" height=\"194\" src=\"https:\/\/guzmantours.tplus.es\/wp-content\/uploads\/2023\/03\/imagen-53.png\" alt=\"\" class=\"wp-image-496 size-full\"\/><\/figure><div class=\"wp-block-media-text__content\">\n<h4 class=\"wp-block-heading\">Moulin Rouge<\/h4>\n\n\n\n<p class=\"has-extra-small-font-size\">Con su inconfundible molino de viento de aspas rojas y los carteles de Toulouse-Lautrec, el Moulin Rouge se ha convertido en un s\u00edmbolo de Par\u00eds. En el barrio de Pigalle, este legendario cabaret inaugurado en 1889 se ha convertido en el l\u00edder de espect\u00e1culo de danza y uno de los principales atractivos tur\u00edsticos de la Ciudad de la luz.<\/p>\n\n\n\n<p class=\"has-extra-small-font-size\">Situado en el 82 Boulevard de Clichy, el <a href=\"https:\/\/www.moulinrouge.fr\/en\/homepage\/\">Moulin Rouge<\/a> ofrece varios espect\u00e1culos con la posibilidad de cenar antes del primer espect\u00e1culo.<\/p>\n\n\n\n<p class=\"has-extra-small-font-size\"><strong>Horarios: Cena a las 19:00<br>Show 21:00<br>Show 23:00<\/strong><\/p>\n<\/div><\/div>\n\n\n\n<div data-vi-partner-id=U00268156 data-vi-language=es data-vi-currency=EUR data-vi-partner-type=\"AGENT\" data-vi-url=\"2050DMR_DMT,5022MOUDIN,5022MOULIN,382352P2\"   data-vi-widget-ref=W-2075eb77-384f-4380-b6ef-980bfea60a75 ><\/div>\n<script async src=\"https:\/\/www.viator.com\/orion\/partner\/widget.js\"><\/script>\n\n\n\n<div class=\"wp-block-media-text is-stacked-on-mobile\" style=\"grid-template-columns:44% auto\"><figure class=\"wp-block-media-text__media\"><img loading=\"lazy\" decoding=\"async\" width=\"299\" height=\"168\" src=\"https:\/\/guzmantours.tplus.es\/wp-content\/uploads\/2023\/03\/imagen-54.png\" alt=\"\" class=\"wp-image-499 size-full\"\/><\/figure><div class=\"wp-block-media-text__content\">\n<h4 class=\"wp-block-heading\">DisneyLand<\/h4>\n\n\n\n<p class=\"has-extra-small-font-size\"><a href=\"https:\/\/www.disneylandparis.com\/es-es\/?country=es&amp;ecid=SEM_IP_S_3681537557-c-98352306134-88087225-536294337723-Exact&amp;gclsrc=aw.ds&amp;&amp;mkwid=9yQLWOgc&amp;gclid=CjwKCAjw5pShBhB_EiwAvmnNV5JCf86Ea22JcJvQUehp3muYomDDQ1Guq3VJk27ucdFdSxqgcdgoyRoCAkcQAvD_BwE&amp;pcrid=536294337723&amp;pmt=e&amp;pkw=eurodisney\">DisneyLand Par\u00eds<\/a> es el parque de la f\u00e1brica Disney en Europa. <br>El lugar donde los sue\u00f1os de ni\u00f1os y mayores se hacen realidad.<br>Situado en Marne-la-Vall\u00e9e, al este de Par\u00eds.<\/p>\n<\/div><\/div>\n\n\n\n<div data-vi-partner-id=U00268156 data-vi-language=es data-vi-currency=EUR data-vi-partner-type=\"AGENT\" data-vi-url=\"6601P4,6601P3,5307P14\"   data-vi-widget-ref=W-92a86799-ba7a-4f14-ba20-8574af84d9a7 ><\/div>\n<script async src=\"https:\/\/www.viator.com\/orion\/partner\/widget.js\"><\/script>\n\n\n\n<p><\/p>\n\n\n\n<h3 class=\"wp-block-heading\">D\u00f3nde alojarte<\/h3>\n\n\n\n<script src=\"https:\/\/www.travelpayouts.com\/blissey\/scripts_es.js?trs=211705&amp;marker=412602&amp;type=compact&amp;host=search.hotellook.com&amp;locale=es&amp;currency=eur&amp;limit=10&amp;powered_by=true&amp;nobooking=true&amp;id=15542&amp;categories=center\" charset=\"utf-8\"><\/script>\n","protected":false},"excerpt":{"rendered":"<p>Par\u00eds, es la capital de Francia, una de las ciudades europeas m\u00e1s importantes y centro mundial del arte, la moda, la gastronom\u00eda y la cultura. Cruzada por el r\u00edo Sena, la ciudad es conocida adem\u00e1s de por la Torre Eiffel y la Catedral de Notre Dame, por su cultura del caf\u00e9 y las tiendas de [&hellip;]<\/p>\n","protected":false},"author":1,"featured_media":279,"comment_status":"open","ping_status":"open","sticky":false,"template":"","format":"standard","meta":{"_sitemap_exclude":false,"_sitemap_priority":"","_sitemap_frequency":"","footnotes":""},"categories":[11],"tags":[],"class_list":["post-222","post","type-post","status-publish","format-standard","has-post-thumbnail","hentry","category-destino"],"yoast_head":"<!-- This site is optimized with the Yoast SEO plugin v27.4 - https:\/\/yoast.com\/product\/yoast-seo-wordpress\/ -->\n<title>Par\u00eds - Guzman Tours por el mundo<\/title>\n<meta name=\"description\" content=\"Par\u00eds es una de las ciudades m\u00e1s importantes y centro mundial del arte, la moda, la gastronom\u00eda y la cultura. Cruzada por el r\u00edo Sena\" \/>\n<meta name=\"robots\" content=\"index, follow, max-snippet:-1, max-image-preview:large, max-video-preview:-1\" \/>\n<link rel=\"canonical\" href=\"https:\/\/guzmantours.tplus.es\/index.php\/2023\/03\/18\/paris\/\" \/>\n<meta property=\"og:locale\" content=\"es_ES\" \/>\n<meta property=\"og:type\" content=\"article\" \/>\n<meta property=\"og:title\" content=\"Par\u00eds - Guzman Tours por el mundo\" \/>\n<meta property=\"og:description\" content=\"Par\u00eds es una de las ciudades m\u00e1s importantes y centro mundial del arte, la moda, la gastronom\u00eda y la cultura. Cruzada por el r\u00edo Sena\" \/>\n<meta property=\"og:url\" content=\"https:\/\/guzmantours.tplus.es\/index.php\/2023\/03\/18\/paris\/\" \/>\n<meta property=\"og:site_name\" content=\"Guzman Tours por el mundo\" \/>\n<meta property=\"article:published_time\" content=\"2023-03-18T02:37:31+00:00\" \/>\n<meta property=\"article:modified_time\" content=\"2023-03-30T16:51:13+00:00\" \/>\n<meta property=\"og:image\" content=\"https:\/\/guzmantours.tplus.es\/wp-content\/uploads\/2023\/03\/arc-de-triomphe-gcc2c4f120_1280.jpg\" \/>\n\t<meta property=\"og:image:width\" content=\"1280\" \/>\n\t<meta property=\"og:image:height\" content=\"853\" \/>\n\t<meta property=\"og:image:type\" content=\"image\/jpeg\" \/>\n<meta name=\"author\" content=\"admin\" \/>\n<meta name=\"twitter:card\" content=\"summary_large_image\" \/>\n<meta name=\"twitter:label1\" content=\"Escrito por\" \/>\n\t<meta name=\"twitter:data1\" content=\"admin\" \/>\n\t<meta name=\"twitter:label2\" content=\"Tiempo de lectura\" \/>\n\t<meta name=\"twitter:data2\" content=\"9 minutos\" \/>\n<script type=\"application\/ld+json\" class=\"yoast-schema-graph\">{\"@context\":\"https:\\\/\\\/schema.org\",\"@graph\":[{\"@type\":\"Article\",\"@id\":\"https:\\\/\\\/guzmantours.tplus.es\\\/index.php\\\/2023\\\/03\\\/18\\\/paris\\\/#article\",\"isPartOf\":{\"@id\":\"https:\\\/\\\/guzmantours.tplus.es\\\/index.php\\\/2023\\\/03\\\/18\\\/paris\\\/\"},\"author\":{\"name\":\"admin\",\"@id\":\"https:\\\/\\\/guzmantours.tplus.es\\\/#\\\/schema\\\/person\\\/2a910e58ac56d6111833ac0ea15cddb7\"},\"headline\":\"Par\u00eds\",\"datePublished\":\"2023-03-18T02:37:31+00:00\",\"dateModified\":\"2023-03-30T16:51:13+00:00\",\"mainEntityOfPage\":{\"@id\":\"https:\\\/\\\/guzmantours.tplus.es\\\/index.php\\\/2023\\\/03\\\/18\\\/paris\\\/\"},\"wordCount\":1185,\"commentCount\":0,\"publisher\":{\"@id\":\"https:\\\/\\\/guzmantours.tplus.es\\\/#organization\"},\"image\":{\"@id\":\"https:\\\/\\\/guzmantours.tplus.es\\\/index.php\\\/2023\\\/03\\\/18\\\/paris\\\/#primaryimage\"},\"thumbnailUrl\":\"https:\\\/\\\/guzmantours.tplus.es\\\/wp-content\\\/uploads\\\/2023\\\/03\\\/arc-de-triomphe-gcc2c4f120_1280.jpg\",\"articleSection\":[\"Destino...\"],\"inLanguage\":\"es\",\"potentialAction\":[{\"@type\":\"CommentAction\",\"name\":\"Comment\",\"target\":[\"https:\\\/\\\/guzmantours.tplus.es\\\/index.php\\\/2023\\\/03\\\/18\\\/paris\\\/#respond\"]}]},{\"@type\":\"WebPage\",\"@id\":\"https:\\\/\\\/guzmantours.tplus.es\\\/index.php\\\/2023\\\/03\\\/18\\\/paris\\\/\",\"url\":\"https:\\\/\\\/guzmantours.tplus.es\\\/index.php\\\/2023\\\/03\\\/18\\\/paris\\\/\",\"name\":\"Par\u00eds - Guzman Tours por el mundo\",\"isPartOf\":{\"@id\":\"https:\\\/\\\/guzmantours.tplus.es\\\/#website\"},\"primaryImageOfPage\":{\"@id\":\"https:\\\/\\\/guzmantours.tplus.es\\\/index.php\\\/2023\\\/03\\\/18\\\/paris\\\/#primaryimage\"},\"image\":{\"@id\":\"https:\\\/\\\/guzmantours.tplus.es\\\/index.php\\\/2023\\\/03\\\/18\\\/paris\\\/#primaryimage\"},\"thumbnailUrl\":\"https:\\\/\\\/guzmantours.tplus.es\\\/wp-content\\\/uploads\\\/2023\\\/03\\\/arc-de-triomphe-gcc2c4f120_1280.jpg\",\"datePublished\":\"2023-03-18T02:37:31+00:00\",\"dateModified\":\"2023-03-30T16:51:13+00:00\",\"description\":\"Par\u00eds es una de las ciudades m\u00e1s importantes y centro mundial del arte, la moda, la gastronom\u00eda y la cultura. Cruzada por el r\u00edo Sena\",\"breadcrumb\":{\"@id\":\"https:\\\/\\\/guzmantours.tplus.es\\\/index.php\\\/2023\\\/03\\\/18\\\/paris\\\/#breadcrumb\"},\"inLanguage\":\"es\",\"potentialAction\":[{\"@type\":\"ReadAction\",\"target\":[\"https:\\\/\\\/guzmantours.tplus.es\\\/index.php\\\/2023\\\/03\\\/18\\\/paris\\\/\"]}]},{\"@type\":\"ImageObject\",\"inLanguage\":\"es\",\"@id\":\"https:\\\/\\\/guzmantours.tplus.es\\\/index.php\\\/2023\\\/03\\\/18\\\/paris\\\/#primaryimage\",\"url\":\"https:\\\/\\\/guzmantours.tplus.es\\\/wp-content\\\/uploads\\\/2023\\\/03\\\/arc-de-triomphe-gcc2c4f120_1280.jpg\",\"contentUrl\":\"https:\\\/\\\/guzmantours.tplus.es\\\/wp-content\\\/uploads\\\/2023\\\/03\\\/arc-de-triomphe-gcc2c4f120_1280.jpg\",\"width\":1280,\"height\":853},{\"@type\":\"BreadcrumbList\",\"@id\":\"https:\\\/\\\/guzmantours.tplus.es\\\/index.php\\\/2023\\\/03\\\/18\\\/paris\\\/#breadcrumb\",\"itemListElement\":[{\"@type\":\"ListItem\",\"position\":1,\"name\":\"Portada\",\"item\":\"https:\\\/\\\/guzmantours.tplus.es\\\/\"},{\"@type\":\"ListItem\",\"position\":2,\"name\":\"Par\u00eds\"}]},{\"@type\":\"WebSite\",\"@id\":\"https:\\\/\\\/guzmantours.tplus.es\\\/#website\",\"url\":\"https:\\\/\\\/guzmantours.tplus.es\\\/\",\"name\":\"Guzman Tours por el mundo\",\"description\":\"Persigue tus sue\u00f1os encuentra tu destino\",\"publisher\":{\"@id\":\"https:\\\/\\\/guzmantours.tplus.es\\\/#organization\"},\"potentialAction\":[{\"@type\":\"SearchAction\",\"target\":{\"@type\":\"EntryPoint\",\"urlTemplate\":\"https:\\\/\\\/guzmantours.tplus.es\\\/?s={search_term_string}\"},\"query-input\":{\"@type\":\"PropertyValueSpecification\",\"valueRequired\":true,\"valueName\":\"search_term_string\"}}],\"inLanguage\":\"es\"},{\"@type\":\"Organization\",\"@id\":\"https:\\\/\\\/guzmantours.tplus.es\\\/#organization\",\"name\":\"Guzman Tours por el mundo\",\"url\":\"https:\\\/\\\/guzmantours.tplus.es\\\/\",\"logo\":{\"@type\":\"ImageObject\",\"inLanguage\":\"es\",\"@id\":\"https:\\\/\\\/guzmantours.tplus.es\\\/#\\\/schema\\\/logo\\\/image\\\/\",\"url\":\"https:\\\/\\\/guzmantours.tplus.es\\\/wp-content\\\/uploads\\\/2023\\\/03\\\/Logo_GT_SF.gif\",\"contentUrl\":\"https:\\\/\\\/guzmantours.tplus.es\\\/wp-content\\\/uploads\\\/2023\\\/03\\\/Logo_GT_SF.gif\",\"width\":599,\"height\":167,\"caption\":\"Guzman Tours por el mundo\"},\"image\":{\"@id\":\"https:\\\/\\\/guzmantours.tplus.es\\\/#\\\/schema\\\/logo\\\/image\\\/\"}},{\"@type\":\"Person\",\"@id\":\"https:\\\/\\\/guzmantours.tplus.es\\\/#\\\/schema\\\/person\\\/2a910e58ac56d6111833ac0ea15cddb7\",\"name\":\"admin\",\"image\":{\"@type\":\"ImageObject\",\"inLanguage\":\"es\",\"@id\":\"https:\\\/\\\/secure.gravatar.com\\\/avatar\\\/44873c9d0d15ecfcfe316c9de7cef7cd2c1ee23db5c00f2b511fe09d91ba913d?s=96&d=mm&r=g\",\"url\":\"https:\\\/\\\/secure.gravatar.com\\\/avatar\\\/44873c9d0d15ecfcfe316c9de7cef7cd2c1ee23db5c00f2b511fe09d91ba913d?s=96&d=mm&r=g\",\"contentUrl\":\"https:\\\/\\\/secure.gravatar.com\\\/avatar\\\/44873c9d0d15ecfcfe316c9de7cef7cd2c1ee23db5c00f2b511fe09d91ba913d?s=96&d=mm&r=g\",\"caption\":\"admin\"},\"sameAs\":[\"https:\\\/\\\/guzmantours.tplus.es\"],\"url\":\"https:\\\/\\\/guzmantours.tplus.es\\\/index.php\\\/author\\\/admin\\\/\"}]}<\/script>\n<!-- \/ Yoast SEO plugin. -->","yoast_head_json":{"title":"Par\u00eds - Guzman Tours por el mundo","description":"Par\u00eds es una de las ciudades m\u00e1s importantes y centro mundial del arte, la moda, la gastronom\u00eda y la cultura. Cruzada por el r\u00edo Sena","robots":{"index":"index","follow":"follow","max-snippet":"max-snippet:-1","max-image-preview":"max-image-preview:large","max-video-preview":"max-video-preview:-1"},"canonical":"https:\/\/guzmantours.tplus.es\/index.php\/2023\/03\/18\/paris\/","og_locale":"es_ES","og_type":"article","og_title":"Par\u00eds - Guzman Tours por el mundo","og_description":"Par\u00eds es una de las ciudades m\u00e1s importantes y centro mundial del arte, la moda, la gastronom\u00eda y la cultura. Cruzada por el r\u00edo Sena","og_url":"https:\/\/guzmantours.tplus.es\/index.php\/2023\/03\/18\/paris\/","og_site_name":"Guzman Tours por el mundo","article_published_time":"2023-03-18T02:37:31+00:00","article_modified_time":"2023-03-30T16:51:13+00:00","og_image":[{"width":1280,"height":853,"url":"https:\/\/guzmantours.tplus.es\/wp-content\/uploads\/2023\/03\/arc-de-triomphe-gcc2c4f120_1280.jpg","type":"image\/jpeg"}],"author":"admin","twitter_card":"summary_large_image","twitter_misc":{"Escrito por":"admin","Tiempo de lectura":"9 minutos"},"schema":{"@context":"https:\/\/schema.org","@graph":[{"@type":"Article","@id":"https:\/\/guzmantours.tplus.es\/index.php\/2023\/03\/18\/paris\/#article","isPartOf":{"@id":"https:\/\/guzmantours.tplus.es\/index.php\/2023\/03\/18\/paris\/"},"author":{"name":"admin","@id":"https:\/\/guzmantours.tplus.es\/#\/schema\/person\/2a910e58ac56d6111833ac0ea15cddb7"},"headline":"Par\u00eds","datePublished":"2023-03-18T02:37:31+00:00","dateModified":"2023-03-30T16:51:13+00:00","mainEntityOfPage":{"@id":"https:\/\/guzmantours.tplus.es\/index.php\/2023\/03\/18\/paris\/"},"wordCount":1185,"commentCount":0,"publisher":{"@id":"https:\/\/guzmantours.tplus.es\/#organization"},"image":{"@id":"https:\/\/guzmantours.tplus.es\/index.php\/2023\/03\/18\/paris\/#primaryimage"},"thumbnailUrl":"https:\/\/guzmantours.tplus.es\/wp-content\/uploads\/2023\/03\/arc-de-triomphe-gcc2c4f120_1280.jpg","articleSection":["Destino..."],"inLanguage":"es","potentialAction":[{"@type":"CommentAction","name":"Comment","target":["https:\/\/guzmantours.tplus.es\/index.php\/2023\/03\/18\/paris\/#respond"]}]},{"@type":"WebPage","@id":"https:\/\/guzmantours.tplus.es\/index.php\/2023\/03\/18\/paris\/","url":"https:\/\/guzmantours.tplus.es\/index.php\/2023\/03\/18\/paris\/","name":"Par\u00eds - Guzman Tours por el mundo","isPartOf":{"@id":"https:\/\/guzmantours.tplus.es\/#website"},"primaryImageOfPage":{"@id":"https:\/\/guzmantours.tplus.es\/index.php\/2023\/03\/18\/paris\/#primaryimage"},"image":{"@id":"https:\/\/guzmantours.tplus.es\/index.php\/2023\/03\/18\/paris\/#primaryimage"},"thumbnailUrl":"https:\/\/guzmantours.tplus.es\/wp-content\/uploads\/2023\/03\/arc-de-triomphe-gcc2c4f120_1280.jpg","datePublished":"2023-03-18T02:37:31+00:00","dateModified":"2023-03-30T16:51:13+00:00","description":"Par\u00eds es una de las ciudades m\u00e1s importantes y centro mundial del arte, la moda, la gastronom\u00eda y la cultura. Cruzada por el r\u00edo Sena","breadcrumb":{"@id":"https:\/\/guzmantours.tplus.es\/index.php\/2023\/03\/18\/paris\/#breadcrumb"},"inLanguage":"es","potentialAction":[{"@type":"ReadAction","target":["https:\/\/guzmantours.tplus.es\/index.php\/2023\/03\/18\/paris\/"]}]},{"@type":"ImageObject","inLanguage":"es","@id":"https:\/\/guzmantours.tplus.es\/index.php\/2023\/03\/18\/paris\/#primaryimage","url":"https:\/\/guzmantours.tplus.es\/wp-content\/uploads\/2023\/03\/arc-de-triomphe-gcc2c4f120_1280.jpg","contentUrl":"https:\/\/guzmantours.tplus.es\/wp-content\/uploads\/2023\/03\/arc-de-triomphe-gcc2c4f120_1280.jpg","width":1280,"height":853},{"@type":"BreadcrumbList","@id":"https:\/\/guzmantours.tplus.es\/index.php\/2023\/03\/18\/paris\/#breadcrumb","itemListElement":[{"@type":"ListItem","position":1,"name":"Portada","item":"https:\/\/guzmantours.tplus.es\/"},{"@type":"ListItem","position":2,"name":"Par\u00eds"}]},{"@type":"WebSite","@id":"https:\/\/guzmantours.tplus.es\/#website","url":"https:\/\/guzmantours.tplus.es\/","name":"Guzman Tours por el mundo","description":"Persigue tus sue\u00f1os encuentra tu destino","publisher":{"@id":"https:\/\/guzmantours.tplus.es\/#organization"},"potentialAction":[{"@type":"SearchAction","target":{"@type":"EntryPoint","urlTemplate":"https:\/\/guzmantours.tplus.es\/?s={search_term_string}"},"query-input":{"@type":"PropertyValueSpecification","valueRequired":true,"valueName":"search_term_string"}}],"inLanguage":"es"},{"@type":"Organization","@id":"https:\/\/guzmantours.tplus.es\/#organization","name":"Guzman Tours por el mundo","url":"https:\/\/guzmantours.tplus.es\/","logo":{"@type":"ImageObject","inLanguage":"es","@id":"https:\/\/guzmantours.tplus.es\/#\/schema\/logo\/image\/","url":"https:\/\/guzmantours.tplus.es\/wp-content\/uploads\/2023\/03\/Logo_GT_SF.gif","contentUrl":"https:\/\/guzmantours.tplus.es\/wp-content\/uploads\/2023\/03\/Logo_GT_SF.gif","width":599,"height":167,"caption":"Guzman Tours por el mundo"},"image":{"@id":"https:\/\/guzmantours.tplus.es\/#\/schema\/logo\/image\/"}},{"@type":"Person","@id":"https:\/\/guzmantours.tplus.es\/#\/schema\/person\/2a910e58ac56d6111833ac0ea15cddb7","name":"admin","image":{"@type":"ImageObject","inLanguage":"es","@id":"https:\/\/secure.gravatar.com\/avatar\/44873c9d0d15ecfcfe316c9de7cef7cd2c1ee23db5c00f2b511fe09d91ba913d?s=96&d=mm&r=g","url":"https:\/\/secure.gravatar.com\/avatar\/44873c9d0d15ecfcfe316c9de7cef7cd2c1ee23db5c00f2b511fe09d91ba913d?s=96&d=mm&r=g","contentUrl":"https:\/\/secure.gravatar.com\/avatar\/44873c9d0d15ecfcfe316c9de7cef7cd2c1ee23db5c00f2b511fe09d91ba913d?s=96&d=mm&r=g","caption":"admin"},"sameAs":["https:\/\/guzmantours.tplus.es"],"url":"https:\/\/guzmantours.tplus.es\/index.php\/author\/admin\/"}]}},"_links":{"self":[{"href":"https:\/\/guzmantours.tplus.es\/index.php\/wp-json\/wp\/v2\/posts\/222","targetHints":{"allow":["GET"]}}],"collection":[{"href":"https:\/\/guzmantours.tplus.es\/index.php\/wp-json\/wp\/v2\/posts"}],"about":[{"href":"https:\/\/guzmantours.tplus.es\/index.php\/wp-json\/wp\/v2\/types\/post"}],"author":[{"embeddable":true,"href":"https:\/\/guzmantours.tplus.es\/index.php\/wp-json\/wp\/v2\/users\/1"}],"replies":[{"embeddable":true,"href":"https:\/\/guzmantours.tplus.es\/index.php\/wp-json\/wp\/v2\/comments?post=222"}],"version-history":[{"count":37,"href":"https:\/\/guzmantours.tplus.es\/index.php\/wp-json\/wp\/v2\/posts\/222\/revisions"}],"predecessor-version":[{"id":501,"href":"https:\/\/guzmantours.tplus.es\/index.php\/wp-json\/wp\/v2\/posts\/222\/revisions\/501"}],"wp:featuredmedia":[{"embeddable":true,"href":"https:\/\/guzmantours.tplus.es\/index.php\/wp-json\/wp\/v2\/media\/279"}],"wp:attachment":[{"href":"https:\/\/guzmantours.tplus.es\/index.php\/wp-json\/wp\/v2\/media?parent=222"}],"wp:term":[{"taxonomy":"category","embeddable":true,"href":"https:\/\/guzmantours.tplus.es\/index.php\/wp-json\/wp\/v2\/categories?post=222"},{"taxonomy":"post_tag","embeddable":true,"href":"https:\/\/guzmantours.tplus.es\/index.php\/wp-json\/wp\/v2\/tags?post=222"}],"curies":[{"name":"wp","href":"https:\/\/api.w.org\/{rel}","templated":true}]}}